{"id":4128,"date":"2016-09-02T13:53:32","date_gmt":"2016-09-02T16:53:32","guid":{"rendered":"http:\/\/guiadenoticias.com.ar\/diario\/?p=4128"},"modified":"2016-09-02T13:53:54","modified_gmt":"2016-09-02T16:53:54","slug":"andreotti-inauguro-centro-educativo-municipal","status":"publish","type":"post","link":"https:\/\/guiadenoticias.com.ar\/diario\/andreotti-inauguro-centro-educativo-municipal\/","title":{"rendered":"Andreotti inaugur\u00f3 Centro Educativo Municipal"},"content":{"rendered":"<p>El municipio de San Fernando busca brindar una mejor calidad educativa desde sus instituciones, mediante el aprendizaje integral de los ni\u00f1os, brind\u00e1ndoles herramientas y oportunidades de formaci\u00f3n. As\u00ed, la funci\u00f3n de los Centros Educativos Integrales Municipales (CEIM) promueve la integraci\u00f3n al sistema educativo de ni\u00f1os de 6 a 13 a\u00f1os, propiciando acciones para promover y desarrollar sus capacidades.<\/p>\n<p>Con la finalidad de mejorar su servicio educativo, San Fernando demoli\u00f3 el viejo edificio del CEIM N\u00b0 1 que no cumpl\u00eda las necesidades del programa, reemplaz\u00e1ndolo por uno totalmente nuevo en dos niveles, con un amplio espacio funcional adecuado para la ense\u00f1anza y el aprendizaje, vidriado para una \u00f3ptima iluminaci\u00f3n y f\u00e1cil acceso. En la planta baja se ubican la direcci\u00f3n, un aula para 18 alumnos y un SUM; en el nivel superior posee dos aulas &#8211; una para 18 y otra para 24 alumnos &#8211; ba\u00f1os y cocina.<\/p>\n<p>El intendente Luis Andreotti junto al diputado provincial Juan Andreotti, el secretario de Educaci\u00f3n, Cultura y Contenci\u00f3n Social, Carlos Traverso, y alumnos, realizaron el tradicional corte de cinta y el descubrimiento de una placa. Luego de recorrer las instalaciones junto a vecinos, el jefe comunal expres\u00f3: \u201cAgradecemos al vecino de San Fernando, que mediante el pago de sus tasas nos permite invertir en la educaci\u00f3n p\u00fablica y en un futuro mejor para los chicos, a pesar de que no tenemos la responsabilidad. La escuela p\u00fablica no se defiende solamente con la pr\u00e9dica, sino tambi\u00e9n con inversi\u00f3n\u201d.<\/p>\n<p>Y continu\u00f3: \u201cA esta instituci\u00f3n vienen los chicos a contraturno; o sea que los que van a la escuela p\u00fablica a la ma\u00f1ana vienen a la tarde y viceversa. En el viejo edificio ven\u00edan s\u00f3lo 75 chicos, en este nuevo establecimiento, vamos a tener el doble. Con este sistema tenemos hoy en todos los CEIM cerca de 650 chicos, que aprenden computaci\u00f3n, hacen nataci\u00f3n como ejercicio y recreaci\u00f3n; o sea que reciben una educaci\u00f3n integral. Por eso tratamos de invertir mucho en las Unidades de Desarrollo (UDI), en los CEIM, y la Universidad descentralizada\u201d.<\/p>\n<p>Andreotti agreg\u00f3, \u201cdentro de una semana, estaremos inaugurando la primera Escuela de Oficios y avanzando en otras futuras. Adem\u00e1s, haremos a nuevo la Escuela 28 del barrio San Jorge, y la UDI que estamos comenzando el mes que viene que hemos llamado a licitaci\u00f3n. Realmente, estamos muy contentos y seguimos agradeciendo, porque la gente ve que si se administra bien, se pueden hacer muchas cosas\u201d.<\/p>\n<p>En tanto, el presidente del Concejo Deliberante, Santiago Aparicio, dijo que \u201cac\u00e1, en el barrio San Rafael, hace poco inauguramos el Centro de Diagn\u00f3stico Precoz N\u00b0 27 y hoy inauguramos el nuevo CEIM N\u00b0 1 en reemplazo del anterior, que era muy chico. Hoy duplicamos la matr\u00edcula, tenemos dos aulas nuevas, un Centro de Recreaci\u00f3n moderno y fundamentalmente integramos y contenemos desde el municipio a chicos de 6 a 13 a\u00f1os, que vienen a este lugar de educaci\u00f3n no formal\u201d.<\/p>\n","protected":false},"excerpt":{"rendered":"<p>El municipio de San Fernando busca brindar una mejor calidad educativa desde sus instituciones, mediante el aprendizaje integral de los ni\u00f1os, brind\u00e1ndoles herramientas y oportunidades de formaci\u00f3n. As\u00ed, la funci\u00f3n de los Centros Educativos Integrales Municipales (CEIM) promueve la integraci\u00f3n al sistema educativo de ni\u00f1os de 6 a 13 a\u00f1os, propiciando acciones para promover y [&hellip;]<\/p>\n","protected":false},"author":1,"featured_media":4130,"comment_status":"closed","ping_status":"open","sticky":false,"template":"","format":"standard","meta":{"footnotes":""},"categories":[20,22],"tags":[],"class_list":{"0":"post-4128","1":"post","2":"type-post","3":"status-publish","4":"format-standard","5":"has-post-thumbnail","7":"category-municipios","8":"category-san-fernando"},"aioseo_notices":[],"_links":{"self":[{"href":"https:\/\/guiadenoticias.com.ar\/diario\/wp-json\/wp\/v2\/posts\/4128","targetHints":{"allow":["GET"]}}],"collection":[{"href":"https:\/\/guiadenoticias.com.ar\/diario\/wp-json\/wp\/v2\/posts"}],"about":[{"href":"https:\/\/guiadenoticias.com.ar\/diario\/wp-json\/wp\/v2\/types\/post"}],"author":[{"embeddable":true,"href":"https:\/\/guiadenoticias.com.ar\/diario\/wp-json\/wp\/v2\/users\/1"}],"replies":[{"embeddable":true,"href":"https:\/\/guiadenoticias.com.ar\/diario\/wp-json\/wp\/v2\/comments?post=4128"}],"version-history":[{"count":1,"href":"https:\/\/guiadenoticias.com.ar\/diario\/wp-json\/wp\/v2\/posts\/4128\/revisions"}],"predecessor-version":[{"id":4131,"href":"https:\/\/guiadenoticias.com.ar\/diario\/wp-json\/wp\/v2\/posts\/4128\/revisions\/4131"}],"wp:featuredmedia":[{"embeddable":true,"href":"https:\/\/guiadenoticias.com.ar\/diario\/wp-json\/wp\/v2\/media\/4130"}],"wp:attachment":[{"href":"https:\/\/guiadenoticias.com.ar\/diario\/wp-json\/wp\/v2\/media?parent=4128"}],"wp:term":[{"taxonomy":"category","embeddable":true,"href":"https:\/\/guiadenoticias.com.ar\/diario\/wp-json\/wp\/v2\/categories?post=4128"},{"taxonomy":"post_tag","embeddable":true,"href":"https:\/\/guiadenoticias.com.ar\/diario\/wp-json\/wp\/v2\/tags?post=4128"}],"curies":[{"name":"wp","href":"https:\/\/api.w.org\/{rel}","templated":true}]}}