{"id":4132,"date":"2016-09-02T14:09:25","date_gmt":"2016-09-02T17:09:25","guid":{"rendered":"http:\/\/guiadenoticias.com.ar\/diario\/?p=4132"},"modified":"2016-09-02T14:13:25","modified_gmt":"2016-09-02T17:13:25","slug":"katopodis-reunio-a-economistas-y-pymes-de-san-martin","status":"publish","type":"post","link":"https:\/\/guiadenoticias.com.ar\/diario\/katopodis-reunio-a-economistas-y-pymes-de-san-martin\/","title":{"rendered":"Katopodis reuni\u00f3 a economistas y Pymes de San Mart\u00edn"},"content":{"rendered":"<p>El municipio de San Mart\u00edn organiz\u00f3 el encuentro \u201cLas Pymes son la potencia productiva del pa\u00eds\u201d, donde empresarios, economistas y representantes de c\u00e1maras empresariales nacionales y locales disertaron sobre el modelo econ\u00f3mico actual, su coyuntura en el presente y sus escenarios futuros.<\/p>\n<p>El encuentro se realiz\u00f3 en el Chateau Perdriel con la participaci\u00f3n del intendente Gabriel Katopodis, quien destac\u00f3: \u201cEste es un a\u00f1o muy duro, con nuestras Pymes sufriendo el tarifazo, la apertura de las importaciones y la ca\u00edda del consumo. Por eso hoy planteamos la necesidad de medidas y decisiones m\u00e1s claras por parte del gobierno nacional\u201d.<\/p>\n<p>Y agreg\u00f3 que \u201cac\u00e1 hay tecnolog\u00eda, innovaci\u00f3n e inversi\u00f3n industrial, pero falta un plan claro, una agenda de competitividad, de desarrollo que proteja a las Pymes y al mercado interno. El Gobierno debe desarrollar una pol\u00edtica industrial y generar incentivos\u201d.<\/p>\n<p>La jornada cont\u00f3 con dos paneles de debate. En el primero, Mat\u00edas Kulfas, economista, docente e investigador de la Facultad de Ciencias Econ\u00f3micas de la UBA, director del centro de investigaciones IDEAR Desarrollo, ex gerente General del Banco Central y ex director del Banco Naci\u00f3n, expuso sobre las medidas pol\u00edticas y econ\u00f3micas.<\/p>\n<p>Luego, Sergio Woyecheszen, economista y docente, coordinador de Desarrollo Econ\u00f3mico y Productivo en Fundaci\u00f3n DAR, y ex subsecretario de Industria, Comercio y Miner\u00eda de la Provincia disert\u00f3 sobre los modelos de desarrollo de los pa\u00edses industriales y la p\u00e9rdida de empleo.<\/p>\n<p>El segundo panel estuvo integrado por Ariel Schale, economista, director ejecutivo de la Fundaci\u00f3n ProTejer, entidad que representa a todos los eslabones de la Cadena de Valor Textil e Indumentaria de la Argentina, quien explic\u00f3 los problemas de competitividad, empleo e importaciones del sector textil.<\/p>\n<p>Adem\u00e1s, el actual vicepresidente de ADIMRA, la Asociaci\u00f3n de Industriales Metal\u00fargicos de la Rep\u00fablica Argentina, y ex presidente de la Uni\u00f3n Industrial Argentina, Juan Carlos Lascurain, hizo un repaso del impacto en la industria nacional de los diferentes modelos econ\u00f3micos implementados desde los 70 hasta la actualidad.<\/p>\n<p>Los debates contaron con la moderaci\u00f3n del subsecretario de Producci\u00f3n y Desarrollo Econ\u00f3mico, Alejandro Tsolis; y el licenciado en Ciencias Pol\u00edticas Santiago Cafiero.<\/p>\n","protected":false},"excerpt":{"rendered":"<p>El municipio de San Mart\u00edn organiz\u00f3 el encuentro \u201cLas Pymes son la potencia productiva del pa\u00eds\u201d, donde empresarios, economistas y representantes de c\u00e1maras empresariales nacionales y locales disertaron sobre el modelo econ\u00f3mico actual, su coyuntura en el presente y sus escenarios futuros. El encuentro se realiz\u00f3 en el Chateau Perdriel con la participaci\u00f3n del intendente [&hellip;]<\/p>\n","protected":false},"author":1,"featured_media":4133,"comment_status":"closed","ping_status":"open","sticky":false,"template":"","format":"standard","meta":{"footnotes":""},"categories":[49,20,48,24],"tags":[],"class_list":{"0":"post-4132","1":"post","2":"type-post","3":"status-publish","4":"format-standard","5":"has-post-thumbnail","7":"category-economia-y-gremiales","8":"category-municipios","9":"category-politica-argentina","10":"category-san-martin"},"aioseo_notices":[],"_links":{"self":[{"href":"https:\/\/guiadenoticias.com.ar\/diario\/wp-json\/wp\/v2\/posts\/4132","targetHints":{"allow":["GET"]}}],"collection":[{"href":"https:\/\/guiadenoticias.com.ar\/diario\/wp-json\/wp\/v2\/posts"}],"about":[{"href":"https:\/\/guiadenoticias.com.ar\/diario\/wp-json\/wp\/v2\/types\/post"}],"author":[{"embeddable":true,"href":"https:\/\/guiadenoticias.com.ar\/diario\/wp-json\/wp\/v2\/users\/1"}],"replies":[{"embeddable":true,"href":"https:\/\/guiadenoticias.com.ar\/diario\/wp-json\/wp\/v2\/comments?post=4132"}],"version-history":[{"count":1,"href":"https:\/\/guiadenoticias.com.ar\/diario\/wp-json\/wp\/v2\/posts\/4132\/revisions"}],"predecessor-version":[{"id":4134,"href":"https:\/\/guiadenoticias.com.ar\/diario\/wp-json\/wp\/v2\/posts\/4132\/revisions\/4134"}],"wp:featuredmedia":[{"embeddable":true,"href":"https:\/\/guiadenoticias.com.ar\/diario\/wp-json\/wp\/v2\/media\/4133"}],"wp:attachment":[{"href":"https:\/\/guiadenoticias.com.ar\/diario\/wp-json\/wp\/v2\/media?parent=4132"}],"wp:term":[{"taxonomy":"category","embeddable":true,"href":"https:\/\/guiadenoticias.com.ar\/diario\/wp-json\/wp\/v2\/categories?post=4132"},{"taxonomy":"post_tag","embeddable":true,"href":"https:\/\/guiadenoticias.com.ar\/diario\/wp-json\/wp\/v2\/tags?post=4132"}],"curies":[{"name":"wp","href":"https:\/\/api.w.org\/{rel}","templated":true}]}}