{"id":4139,"date":"2016-09-02T16:56:09","date_gmt":"2016-09-02T19:56:09","guid":{"rendered":"http:\/\/guiadenoticias.com.ar\/diario\/?p=4139"},"modified":"2016-09-02T17:02:09","modified_gmt":"2016-09-02T20:02:09","slug":"triaca-foto-con-la-conduccion-de-la-cgt-y-criticas-a-la-marcha-federal","status":"publish","type":"post","link":"https:\/\/guiadenoticias.com.ar\/diario\/triaca-foto-con-la-conduccion-de-la-cgt-y-criticas-a-la-marcha-federal\/","title":{"rendered":"Triaca: foto con la nueva CGT y cr\u00edtica a Marcha Federal"},"content":{"rendered":"<p>El ministro de Trabajo, Jorge Triaca, admiti\u00f3 este viernes las \u00abdificultades\u00bb que padecen algunos sectores sociales, pero advirti\u00f3 que la Marcha Federal que culmin\u00f3 en Plaza de Mayo es parte de manifestaciones de \u00abtintes pol\u00edticas e ideol\u00f3gicas\u00bb.<\/p>\n<p>\u00abEn la Argentina se permite el disenso\u00bb, sostuvo \u00a0en una conferencia de prensa que ofreci\u00f3 tras recibir a los integrantes del flamante triunvirato de la Confederaci\u00f3n General del Trabajo (CGT) junto con sus pares de Producci\u00f3n, Francisco Cabrera, y de Salud, Jorge Lemus.<\/p>\n<p>Opin\u00f3 que la protesta de hoy tiene \u00abtintes pol\u00edticos e ideol\u00f3gicos\u00bb y asegur\u00f3 que el pa\u00eds \u00abvive momentos de sinceramiento y transici\u00f3n\u00bb. Antes, al destacar la reuni\u00f3n que hab\u00eda mantenido con la central obrera en la cartera laboral, el ministro se pronunci\u00f3 en t\u00e9rminos similares.<\/p>\n<p>\u00abCreemos que es un momento de dificultad, pero estamos yendo de una transici\u00f3n a un escenario mejor\u00bb, enfatiz\u00f3.<\/p>\n<p>El Gobierno intent\u00f3 buscar respaldo sindical para avanzar en el corto plazo en su plan sobre \u00abPrimer Empleo\u00bb, un proyecto de ley destinado a favorecer el acceso al primer empleo entre los j\u00f3venes de 18 a 24 a\u00f1os y que supone exenciones y subsidios para las empresas que den esa primera oportunidad laboral.<\/p>\n<p>A la vez que se produc\u00eda esta foto con parte de la nueva conducci\u00f3n de la CGT, que llev\u00f3 su propia agenda a la reuni\u00f3n, es noticia la imagen contundente de la Marcha Federal, que comenz\u00f3 el mi\u00e9rcoles en distintos puntos del pa\u00eds.<\/p>\n<p>Convocada por las dos fracciones de la CTA, algunos gremios de la CGT y agrupaciones pol\u00edticas diversas, es la reedici\u00f3n de una modalidad similar que se realiz\u00f3 en 1994 durante el gobierno de Carlos Menem.<\/p>\n","protected":false},"excerpt":{"rendered":"<p>El ministro de Trabajo, Jorge Triaca, admiti\u00f3 este viernes las \u00abdificultades\u00bb que padecen algunos sectores sociales, pero advirti\u00f3 que la Marcha Federal que culmin\u00f3 en Plaza de Mayo es parte de manifestaciones de \u00abtintes pol\u00edticas e ideol\u00f3gicas\u00bb. \u00abEn la Argentina se permite el disenso\u00bb, sostuvo \u00a0en una conferencia de prensa que ofreci\u00f3 tras recibir a [&hellip;]<\/p>\n","protected":false},"author":1,"featured_media":4140,"comment_status":"closed","ping_status":"open","sticky":false,"template":"","format":"standard","meta":{"footnotes":""},"categories":[49,30,48],"tags":[],"class_list":{"0":"post-4139","1":"post","2":"type-post","3":"status-publish","4":"format-standard","5":"has-post-thumbnail","7":"category-economia-y-gremiales","8":"category-nacion","9":"category-politica-argentina"},"aioseo_notices":[],"_links":{"self":[{"href":"https:\/\/guiadenoticias.com.ar\/diario\/wp-json\/wp\/v2\/posts\/4139","targetHints":{"allow":["GET"]}}],"collection":[{"href":"https:\/\/guiadenoticias.com.ar\/diario\/wp-json\/wp\/v2\/posts"}],"about":[{"href":"https:\/\/guiadenoticias.com.ar\/diario\/wp-json\/wp\/v2\/types\/post"}],"author":[{"embeddable":true,"href":"https:\/\/guiadenoticias.com.ar\/diario\/wp-json\/wp\/v2\/users\/1"}],"replies":[{"embeddable":true,"href":"https:\/\/guiadenoticias.com.ar\/diario\/wp-json\/wp\/v2\/comments?post=4139"}],"version-history":[{"count":7,"href":"https:\/\/guiadenoticias.com.ar\/diario\/wp-json\/wp\/v2\/posts\/4139\/revisions"}],"predecessor-version":[{"id":4147,"href":"https:\/\/guiadenoticias.com.ar\/diario\/wp-json\/wp\/v2\/posts\/4139\/revisions\/4147"}],"wp:featuredmedia":[{"embeddable":true,"href":"https:\/\/guiadenoticias.com.ar\/diario\/wp-json\/wp\/v2\/media\/4140"}],"wp:attachment":[{"href":"https:\/\/guiadenoticias.com.ar\/diario\/wp-json\/wp\/v2\/media?parent=4139"}],"wp:term":[{"taxonomy":"category","embeddable":true,"href":"https:\/\/guiadenoticias.com.ar\/diario\/wp-json\/wp\/v2\/categories?post=4139"},{"taxonomy":"post_tag","embeddable":true,"href":"https:\/\/guiadenoticias.com.ar\/diario\/wp-json\/wp\/v2\/tags?post=4139"}],"curies":[{"name":"wp","href":"https:\/\/api.w.org\/{rel}","templated":true}]}}