{"id":4155,"date":"2016-09-03T02:32:46","date_gmt":"2016-09-03T05:32:46","guid":{"rendered":"http:\/\/guiadenoticias.com.ar\/diario\/?p=4155"},"modified":"2016-09-03T02:33:15","modified_gmt":"2016-09-03T05:33:15","slug":"masiva-marcha-federal-en-plaza-de-mayo-contra-ajuste-y-despidos","status":"publish","type":"post","link":"https:\/\/guiadenoticias.com.ar\/diario\/masiva-marcha-federal-en-plaza-de-mayo-contra-ajuste-y-despidos\/","title":{"rendered":"Masiva Marcha Federal en Plaza de Mayo contra ajuste y despidos"},"content":{"rendered":"<p>La Marcha Federal organizada por la CTA, agrupaciones kirchneristas, movimientos sociales \u00a0y gremiales concluy\u00f3 este viernes con un acto central en Plaza de Mayo. Los principales oradores fueron los titulares de las dos CTA, Pablo Micheli y Hugo Yasky quienes reclamaron al Gobierno un cambio de las pol\u00edticas econ\u00f3micas y apertura de paritarias, al tiempo que amenazaron que iniciar paros nacionales si no son escuchados sus reclamos.<\/p>\n<p>Yasky fue el orador de cierre de la jornada y advirti\u00f3 que \u00absi el Gobierno no escucha y da respuestas a los reclamos de los trabajadores, va a aumentar la conflictividad social\u00bb.<\/p>\n<p>Desde el palco montado a espaldas de la Casa Rosada, Yasky calific\u00f3 a la movilizaci\u00f3n como una \u00abdemostraci\u00f3n de dignidad y convicci\u00f3n\u00bb, le reclam\u00f3 al Gobierno terminar con el \u00abcepo al salario\u00bb, y cuestion\u00f3 el \u00abtarifazo\u00bb a los peque\u00f1os productores, pymes y cooperativas. \u00abHoy empieza la cuenta regresiva al paro nacional\u00bb, lanz\u00f3 sobre el final de su discurso en el multitudinario acto de cierre<\/p>\n<p>En la misma sinton\u00eda, Micheli asegur\u00f3 que \u00abm\u00e1s temprano que tarde va a haber un paro nacional\u00bb, y remarc\u00f3 que \u00abo cambia la pol\u00edtica econ\u00f3mica o va a haber lucha con paro y movilizaciones en todo el pa\u00eds\u00bb.<\/p>\n<p>Al hablar en la Plaza de Mayo, Micheli indic\u00f3, \u00abhay que pensar en la Patria y en nuestro pueblo sin perder identidad\u00bb. \u00abLa diversidad nos tiene que dar la madurez suficiente, las diferencias las discutimos en la calle codo a codo\u00bb, expres\u00f3 el dirigente gremial y asever\u00f3 que \u00abo hay unidad y vencemos o hay desuni\u00f3n y nos derrotan\u00bb.<\/p>\n<p>En ese sentido, sostuvo que \u00abhay que construir unidad con inteligencia, ayudando a nuestro pueblo\u00bb. Micheli resalt\u00f3 tambi\u00e9n \u00abel esfuerzo de quienes est\u00e1n marchando desde las distintas provincias de nuestra Patria\u00bb.<\/p>\n<p>Asimismo, el gremialista hizo referencia a declaraciones del ministro de Trabajo, Jorge Triaca, que se\u00f1al\u00f3 que la marcha ten\u00eda \u00abtintes pol\u00edticas e ideol\u00f3gicas\u00bb, y destac\u00f3: \u00abS\u00ed, se\u00f1or ministro, los trabajadores tenemos ideolog\u00eda, no somos un recurso humano como usted cree, no queremos ajuste, nuestra ideolog\u00eda es la lucha\u00bb.<\/p>\n<p>Con una asistencia que colm\u00f3 la Plaza de Mayo y las zonas aleda\u00f1as, la marcha mostr\u00f3 a un sindicalismo unido. La movilizaci\u00f3n cont\u00f3 con el apoyo y participaci\u00f3n de la Corriente Federal de los Trabajadores y algunos de la CGT, entre ellos Camioneros, Bancarios, la UOCRA capital y los trabajadores ladrilleros.<\/p>\n<p>La movilizaci\u00f3n, que hab\u00eda partido dos d\u00edas antes desde cinco puntos del pa\u00eds, confluy\u00f3 frente a la Casa Rosada cont\u00f3 tambi\u00e9n con el apoyo de agrupaciones kirchneristas y fuerzas de izquierda de izquierda.<\/p>\n<p>Asistieron al acto varios dirigentes del kirchnerismo, como el ex gobernador Daniel Scioli; el intendente de Avellaneda, Jorge Ferraresi; el ex director del AFSCA, Mart\u00edn Sabbatella; el ex vicepresidente Amado Boudou; los ex ministros Daniel Filmus y Carlos Tomada, y el ex vicegobernador Gabriel Mariotto. Concurrieron, adem\u00e1s, la presidente de Abuela de Plaza de Mayo, Estela de Carlotto, y la integrante de Madres de Plaza de mayo &#8211; L\u00ednea Fundadora, \u00abTati\u00bb Almeida.<\/p>\n","protected":false},"excerpt":{"rendered":"<p>La Marcha Federal organizada por la CTA, agrupaciones kirchneristas, movimientos sociales \u00a0y gremiales concluy\u00f3 este viernes con un acto central en Plaza de Mayo. Los principales oradores fueron los titulares de las dos CTA, Pablo Micheli y Hugo Yasky quienes reclamaron al Gobierno un cambio de las pol\u00edticas econ\u00f3micas y apertura de paritarias, al tiempo [&hellip;]<\/p>\n","protected":false},"author":1,"featured_media":4156,"comment_status":"closed","ping_status":"open","sticky":false,"template":"","format":"standard","meta":{"footnotes":""},"categories":[49,30,48],"tags":[],"class_list":{"0":"post-4155","1":"post","2":"type-post","3":"status-publish","4":"format-standard","5":"has-post-thumbnail","7":"category-economia-y-gremiales","8":"category-nacion","9":"category-politica-argentina"},"aioseo_notices":[],"_links":{"self":[{"href":"https:\/\/guiadenoticias.com.ar\/diario\/wp-json\/wp\/v2\/posts\/4155","targetHints":{"allow":["GET"]}}],"collection":[{"href":"https:\/\/guiadenoticias.com.ar\/diario\/wp-json\/wp\/v2\/posts"}],"about":[{"href":"https:\/\/guiadenoticias.com.ar\/diario\/wp-json\/wp\/v2\/types\/post"}],"author":[{"embeddable":true,"href":"https:\/\/guiadenoticias.com.ar\/diario\/wp-json\/wp\/v2\/users\/1"}],"replies":[{"embeddable":true,"href":"https:\/\/guiadenoticias.com.ar\/diario\/wp-json\/wp\/v2\/comments?post=4155"}],"version-history":[{"count":1,"href":"https:\/\/guiadenoticias.com.ar\/diario\/wp-json\/wp\/v2\/posts\/4155\/revisions"}],"predecessor-version":[{"id":4157,"href":"https:\/\/guiadenoticias.com.ar\/diario\/wp-json\/wp\/v2\/posts\/4155\/revisions\/4157"}],"wp:featuredmedia":[{"embeddable":true,"href":"https:\/\/guiadenoticias.com.ar\/diario\/wp-json\/wp\/v2\/media\/4156"}],"wp:attachment":[{"href":"https:\/\/guiadenoticias.com.ar\/diario\/wp-json\/wp\/v2\/media?parent=4155"}],"wp:term":[{"taxonomy":"category","embeddable":true,"href":"https:\/\/guiadenoticias.com.ar\/diario\/wp-json\/wp\/v2\/categories?post=4155"},{"taxonomy":"post_tag","embeddable":true,"href":"https:\/\/guiadenoticias.com.ar\/diario\/wp-json\/wp\/v2\/tags?post=4155"}],"curies":[{"name":"wp","href":"https:\/\/api.w.org\/{rel}","templated":true}]}}