{"id":4201,"date":"2016-09-07T01:39:51","date_gmt":"2016-09-07T04:39:51","guid":{"rendered":"http:\/\/guiadenoticias.com.ar\/diario\/?p=4201"},"modified":"2016-09-07T01:40:16","modified_gmt":"2016-09-07T04:40:16","slug":"la-corte-suprema-avalo-el-aumento-en-la-luz-en-provincia","status":"publish","type":"post","link":"https:\/\/guiadenoticias.com.ar\/diario\/la-corte-suprema-avalo-el-aumento-en-la-luz-en-provincia\/","title":{"rendered":"La Corte Suprema aval\u00f3 el aumento en la luz en Provincia"},"content":{"rendered":"<p>La Corte Suprema de Justicia rechaz\u00f3 la sentencia de la C\u00e1mara Federal de La Plata que hab\u00eda suspendido el aumento de la luz en la provincia de Buenos Aires.<\/p>\n<p>Los integrantes del m\u00e1ximo tribunal consideraron que quienes iniciaron la causa no tienen legitimaci\u00f3n activa para actuar en representaci\u00f3n de todos los usuarios. La demanda hab\u00eda sido presentada por un grupo de diputados de la provincia de Buenos Aires, el Defensor del Pueblo bonaerense y el Partido Justicialista provincial.<\/p>\n<p>En el fallo, los ministros de la Corte Suprema explicaron que quienes hicieron el reclamo judicial no est\u00e1n facultados para actuar en representaci\u00f3n de todos los usuarios del servicio de energ\u00eda el\u00e9ctrica de la Provincia.<\/p>\n<p>Con relaci\u00f3n a la actuaci\u00f3n del Club Social y Deportivo \u00ab12 de Octubre\u00bb -que adhiri\u00f3 a la demanda- si bien no invoca ser representante de todos los usuarios bonaerenses, y por lo tanto no los puede representar, la Corte resolvi\u00f3 que se reenv\u00eden las actuaciones al juez de primera instancia para que verifique si el club \u00abrepresenta a alguna categor\u00eda de clubes de barrio de barrio o de pueblo\u00bb.<\/p>\n","protected":false},"excerpt":{"rendered":"<p>La Corte Suprema de Justicia rechaz\u00f3 la sentencia de la C\u00e1mara Federal de La Plata que hab\u00eda suspendido el aumento de la luz en la provincia de Buenos Aires. Los integrantes del m\u00e1ximo tribunal consideraron que quienes iniciaron la causa no tienen legitimaci\u00f3n activa para actuar en representaci\u00f3n de todos los usuarios. La demanda hab\u00eda [&hellip;]<\/p>\n","protected":false},"author":1,"featured_media":4202,"comment_status":"closed","ping_status":"open","sticky":false,"template":"","format":"standard","meta":{"footnotes":""},"categories":[49,30,48,31],"tags":[],"class_list":{"0":"post-4201","1":"post","2":"type-post","3":"status-publish","4":"format-standard","5":"has-post-thumbnail","7":"category-economia-y-gremiales","8":"category-nacion","9":"category-politica-argentina","10":"category-provincia"},"aioseo_notices":[],"_links":{"self":[{"href":"https:\/\/guiadenoticias.com.ar\/diario\/wp-json\/wp\/v2\/posts\/4201","targetHints":{"allow":["GET"]}}],"collection":[{"href":"https:\/\/guiadenoticias.com.ar\/diario\/wp-json\/wp\/v2\/posts"}],"about":[{"href":"https:\/\/guiadenoticias.com.ar\/diario\/wp-json\/wp\/v2\/types\/post"}],"author":[{"embeddable":true,"href":"https:\/\/guiadenoticias.com.ar\/diario\/wp-json\/wp\/v2\/users\/1"}],"replies":[{"embeddable":true,"href":"https:\/\/guiadenoticias.com.ar\/diario\/wp-json\/wp\/v2\/comments?post=4201"}],"version-history":[{"count":1,"href":"https:\/\/guiadenoticias.com.ar\/diario\/wp-json\/wp\/v2\/posts\/4201\/revisions"}],"predecessor-version":[{"id":4203,"href":"https:\/\/guiadenoticias.com.ar\/diario\/wp-json\/wp\/v2\/posts\/4201\/revisions\/4203"}],"wp:featuredmedia":[{"embeddable":true,"href":"https:\/\/guiadenoticias.com.ar\/diario\/wp-json\/wp\/v2\/media\/4202"}],"wp:attachment":[{"href":"https:\/\/guiadenoticias.com.ar\/diario\/wp-json\/wp\/v2\/media?parent=4201"}],"wp:term":[{"taxonomy":"category","embeddable":true,"href":"https:\/\/guiadenoticias.com.ar\/diario\/wp-json\/wp\/v2\/categories?post=4201"},{"taxonomy":"post_tag","embeddable":true,"href":"https:\/\/guiadenoticias.com.ar\/diario\/wp-json\/wp\/v2\/tags?post=4201"}],"curies":[{"name":"wp","href":"https:\/\/api.w.org\/{rel}","templated":true}]}}