{"id":4238,"date":"2016-09-09T01:00:01","date_gmt":"2016-09-09T04:00:01","guid":{"rendered":"http:\/\/guiadenoticias.com.ar\/diario\/?p=4238"},"modified":"2016-09-09T01:37:44","modified_gmt":"2016-09-09T04:37:44","slug":"andreotti-y-massa-inauguraron-la-escuela-municipal-de-oficios","status":"publish","type":"post","link":"https:\/\/guiadenoticias.com.ar\/diario\/andreotti-y-massa-inauguraron-la-escuela-municipal-de-oficios\/","title":{"rendered":"Andreotti y Massa inauguraron la Escuela Municipal de Oficios"},"content":{"rendered":"<p>Tuvo lugar la inauguraci\u00f3n de la primera Escuela Municipal de Oficios de San Fernando, celebrada como un logro hist\u00f3rico. El intendente Luis Andreotti cort\u00f3 la cinta del complejo acompa\u00f1ado del diputado nacional Sergio Massa, funcionarios, legisladores, dirigentes sindicales y los vecinos del barrio.<\/p>\n<p>El jefe comunal sanfernandino describi\u00f3 su satisfacci\u00f3n: \u201cCumplimos con un objetivo pendiente, porque si bien trabajamos mucho en lo social, no hab\u00edamos podido nunca formar una escuela de oficios. Y es s\u00f3lo el inicio, porque ya empezaremos a construir el siguiente, como tambi\u00e9n en nuevas Unidades de Desarrollo Infantil\u201d.<\/p>\n<p>\u201cJusto se da en un momento dif\u00edcil, con falta de trabajo y la necesidad de fomentar las Pymes\u201d, observ\u00f3 Andreotti, y agreg\u00f3 que \u201ccon fondos absolutamente municipales empezamos a generar nuevas oportunidades de educaci\u00f3n, empleo y emprendimiento, lo que va a llevar a una sociedad igualitaria y con menos violencia, por eso estamos orgullosos\u201d.<\/p>\n<p>A su vez, Massa expres\u00f3: \u201cEsto es juntar la voluntad de mucha gente que quiere trabajar, de los empresarios con ganas de capacitar y el esfuerzo del municipio para hacerlo realidad\u201d.<\/p>\n<p>\u201cEn Argentina tenemos que transformar los planes sociales en planes de empleo, y para eso necesitamos una ley\u201d, propuso el l\u00edder del Frente Renovador.<\/p>\n<p>\u201cDebemos crear un registro \u00fanico de capacitaci\u00f3n laboral para que los beneficiarios vuelvan al mercado de trabajo sin que le quiten su plan social, el empleador complemente su salario, el Estado pague sus aportes jubilatorios y entre gremios y municipios capacitarlos\u201d, detall\u00f3 Massa.<\/p>\n<p>\u201cDe la pobreza s\u00f3lo se sale con trabajo y educaci\u00f3n, por eso tenemos que romper \u2018la cultura del reh\u00e9n\u2019, porque en esa condici\u00f3n se encuentran quienes quieren volver a trabajar pero tienen miedo de perder su plan social\u201d, prosigui\u00f3.<\/p>\n<p>El centro educativo social fue presentado sobre la calle Sarratea, entre Sarmiento y 25 de Mayo. Ser\u00e1 la sede la Escuela Municipal de Panader\u00eda, Pasteler\u00eda y Pizzer\u00eda; cuenta con un \u2018Aula Tecnol\u00f3gica y Digital\u2019 a disposici\u00f3n de escuelas t\u00e9cnicas del distrito para clases de electr\u00f3nica, mec\u00e1nica, neum\u00e1tica y astronom\u00eda; y salones de usos m\u00faltiples para el programa \u2018Sumate\u2019 de contenci\u00f3n, capacitaci\u00f3n, estudio y apoyo psicopedag\u00f3gico de j\u00f3venes que buscan mejorar su calidad de vida.<\/p>\n<p>El edificio tiene instalaciones modernas y un parque a su alrededor para poner en valor la zona, cumple con estrictas normas de seguridad y confort, contiene un circuito de c\u00e1maras y m\u00e1quinas de la m\u00e1s alta categor\u00eda para las necesidades de los cursos de cocina que dictar\u00e1n maestros de la C\u00e1mara de Industriales Panaderos y Afines de San Fernando y Tigre, seg\u00fan un convenio firmado entre Luis Andreotti y el gremio.<\/p>\n<p>Tambi\u00e9n participaron los diputados Nacionales Horacio Alonso y Cecilia Moreau; el senador provincial Sebasti\u00e1n Galmarini; los legisladores Juan Andreotti, Rub\u00e9n Eslaiman y Jorge D\u2019Onofrio; el intendente de Las Heras, Javier Osuna; y el presidente del Concejo de San Fernando, Santiago Aparicio.<\/p>\n","protected":false},"excerpt":{"rendered":"<p>Tuvo lugar la inauguraci\u00f3n de la primera Escuela Municipal de Oficios de San Fernando, celebrada como un logro hist\u00f3rico. El intendente Luis Andreotti cort\u00f3 la cinta del complejo acompa\u00f1ado del diputado nacional Sergio Massa, funcionarios, legisladores, dirigentes sindicales y los vecinos del barrio. El jefe comunal sanfernandino describi\u00f3 su satisfacci\u00f3n: \u201cCumplimos con un objetivo pendiente, [&hellip;]<\/p>\n","protected":false},"author":1,"featured_media":4239,"comment_status":"closed","ping_status":"open","sticky":false,"template":"","format":"standard","meta":{"footnotes":""},"categories":[20,48,22],"tags":[],"class_list":{"0":"post-4238","1":"post","2":"type-post","3":"status-publish","4":"format-standard","5":"has-post-thumbnail","7":"category-municipios","8":"category-politica-argentina","9":"category-san-fernando"},"aioseo_notices":[],"_links":{"self":[{"href":"https:\/\/guiadenoticias.com.ar\/diario\/wp-json\/wp\/v2\/posts\/4238","targetHints":{"allow":["GET"]}}],"collection":[{"href":"https:\/\/guiadenoticias.com.ar\/diario\/wp-json\/wp\/v2\/posts"}],"about":[{"href":"https:\/\/guiadenoticias.com.ar\/diario\/wp-json\/wp\/v2\/types\/post"}],"author":[{"embeddable":true,"href":"https:\/\/guiadenoticias.com.ar\/diario\/wp-json\/wp\/v2\/users\/1"}],"replies":[{"embeddable":true,"href":"https:\/\/guiadenoticias.com.ar\/diario\/wp-json\/wp\/v2\/comments?post=4238"}],"version-history":[{"count":1,"href":"https:\/\/guiadenoticias.com.ar\/diario\/wp-json\/wp\/v2\/posts\/4238\/revisions"}],"predecessor-version":[{"id":4240,"href":"https:\/\/guiadenoticias.com.ar\/diario\/wp-json\/wp\/v2\/posts\/4238\/revisions\/4240"}],"wp:featuredmedia":[{"embeddable":true,"href":"https:\/\/guiadenoticias.com.ar\/diario\/wp-json\/wp\/v2\/media\/4239"}],"wp:attachment":[{"href":"https:\/\/guiadenoticias.com.ar\/diario\/wp-json\/wp\/v2\/media?parent=4238"}],"wp:term":[{"taxonomy":"category","embeddable":true,"href":"https:\/\/guiadenoticias.com.ar\/diario\/wp-json\/wp\/v2\/categories?post=4238"},{"taxonomy":"post_tag","embeddable":true,"href":"https:\/\/guiadenoticias.com.ar\/diario\/wp-json\/wp\/v2\/tags?post=4238"}],"curies":[{"name":"wp","href":"https:\/\/api.w.org\/{rel}","templated":true}]}}