{"id":4241,"date":"2016-09-09T01:15:52","date_gmt":"2016-09-09T04:15:52","guid":{"rendered":"http:\/\/guiadenoticias.com.ar\/diario\/?p=4241"},"modified":"2016-09-09T01:17:49","modified_gmt":"2016-09-09T04:17:49","slug":"katopodis-celebro-el-dia-de-la-industria-junto-a-empresarios","status":"publish","type":"post","link":"https:\/\/guiadenoticias.com.ar\/diario\/katopodis-celebro-el-dia-de-la-industria-junto-a-empresarios\/","title":{"rendered":"Katopodis celebr\u00f3 el D\u00eda de la Industria junto a empresarios"},"content":{"rendered":"<p>El intendente de San Mart\u00edn, Gabriel Katopodis, particip\u00f3 del encuentro organizado por el municipio y la C\u00e1mara Econ\u00f3mica Sanmartinense (CES), para celebrar el D\u00eda de la Industria, junto a empresarios, funcionarios y c\u00e1maras locales, provinciales y nacionales.<\/p>\n<p>Durante la jornada, que se llev\u00f3 a cabo en el Chateau Perdriel, el jefe comunal sostuvo: \u201cEn San Martin tenemos un polo industrial muy importante de Pymes que son una referencia en la Argentina. El Gobierno deber\u00eda cuidarlas m\u00e1s porque generan el 70% del empleo. Vemos gran preocupaci\u00f3n en los empresarios y los trabajadores\u201d.<\/p>\n<p>Y continu\u00f3, \u201cel Gobierno debe entender que la apertura de las importaciones, el tarifazo y la devaluaci\u00f3n no son los caminos para proteger el mercado interno. El camino es crear una agenda de desarrollo para cuidar el empleo, la producci\u00f3n nacional y la peque\u00f1a y mediana empresa, que produce el 80% del producto bruto\u201d.<\/p>\n<p>Junto al intendente expusieron el ministro de Producci\u00f3n de la Provincia, Joaqu\u00edn de la Torre; el presidente de la Uni\u00f3n Industrial de la Provincia de Buenos Aires (UIPBA), Mario Gualtieri; y el presidente de la Confederaci\u00f3n Argentina de la Mediana Empresa (CAME), Osvaldo Cornide.<\/p>\n<p>Adem\u00e1s, Katopodis visit\u00f3 la empresa textil AMESUD con Joaqu\u00edn de la Torre; el secretario de integraci\u00f3n Productiva del Ministerio de la Producci\u00f3n de la Naci\u00f3n, Andr\u00e9s Boeninger; la subsecretaria de Pol\u00edticas y Gesti\u00f3n de la Pyme, Carolina Castro; y el subsecretario de Pyme de Provincia, Federico Zin.<\/p>\n","protected":false},"excerpt":{"rendered":"<p>El intendente de San Mart\u00edn, Gabriel Katopodis, particip\u00f3 del encuentro organizado por el municipio y la C\u00e1mara Econ\u00f3mica Sanmartinense (CES), para celebrar el D\u00eda de la Industria, junto a empresarios, funcionarios y c\u00e1maras locales, provinciales y nacionales. Durante la jornada, que se llev\u00f3 a cabo en el Chateau Perdriel, el jefe comunal sostuvo: \u201cEn San [&hellip;]<\/p>\n","protected":false},"author":1,"featured_media":4242,"comment_status":"closed","ping_status":"open","sticky":false,"template":"","format":"standard","meta":{"footnotes":""},"categories":[49,48,24],"tags":[],"class_list":{"0":"post-4241","1":"post","2":"type-post","3":"status-publish","4":"format-standard","5":"has-post-thumbnail","7":"category-economia-y-gremiales","8":"category-politica-argentina","9":"category-san-martin"},"aioseo_notices":[],"_links":{"self":[{"href":"https:\/\/guiadenoticias.com.ar\/diario\/wp-json\/wp\/v2\/posts\/4241","targetHints":{"allow":["GET"]}}],"collection":[{"href":"https:\/\/guiadenoticias.com.ar\/diario\/wp-json\/wp\/v2\/posts"}],"about":[{"href":"https:\/\/guiadenoticias.com.ar\/diario\/wp-json\/wp\/v2\/types\/post"}],"author":[{"embeddable":true,"href":"https:\/\/guiadenoticias.com.ar\/diario\/wp-json\/wp\/v2\/users\/1"}],"replies":[{"embeddable":true,"href":"https:\/\/guiadenoticias.com.ar\/diario\/wp-json\/wp\/v2\/comments?post=4241"}],"version-history":[{"count":1,"href":"https:\/\/guiadenoticias.com.ar\/diario\/wp-json\/wp\/v2\/posts\/4241\/revisions"}],"predecessor-version":[{"id":4243,"href":"https:\/\/guiadenoticias.com.ar\/diario\/wp-json\/wp\/v2\/posts\/4241\/revisions\/4243"}],"wp:featuredmedia":[{"embeddable":true,"href":"https:\/\/guiadenoticias.com.ar\/diario\/wp-json\/wp\/v2\/media\/4242"}],"wp:attachment":[{"href":"https:\/\/guiadenoticias.com.ar\/diario\/wp-json\/wp\/v2\/media?parent=4241"}],"wp:term":[{"taxonomy":"category","embeddable":true,"href":"https:\/\/guiadenoticias.com.ar\/diario\/wp-json\/wp\/v2\/categories?post=4241"},{"taxonomy":"post_tag","embeddable":true,"href":"https:\/\/guiadenoticias.com.ar\/diario\/wp-json\/wp\/v2\/tags?post=4241"}],"curies":[{"name":"wp","href":"https:\/\/api.w.org\/{rel}","templated":true}]}}