{"id":4265,"date":"2016-09-10T02:11:07","date_gmt":"2016-09-10T05:11:07","guid":{"rendered":"http:\/\/guiadenoticias.com.ar\/diario\/?p=4265"},"modified":"2016-09-10T02:22:39","modified_gmt":"2016-09-10T05:22:39","slug":"descalzo-logro-el-aval-para-algo-de-oxigeno-economico","status":"publish","type":"post","link":"https:\/\/guiadenoticias.com.ar\/diario\/descalzo-logro-el-aval-para-algo-de-oxigeno-economico\/","title":{"rendered":"Descalzo logr\u00f3 el aval para algo de ox\u00edgeno econ\u00f3mico"},"content":{"rendered":"<p>El gobierno del intendente de Ituzaing\u00f3, Alberto Descalzo, obtuvo este viernes el visto bueno de la Asamblea de Mayores Contribuyentes para aplicar un alza de tasas que impactar\u00e1 en gran medida en el sector productivo del distrito. Es p\u00fablico que el municipio tiene un d\u00e9ficit enorme, calculan que cerrar\u00e1 el a\u00f1o 60 millones abajo, por lo cual estos 5 millones previstos representar\u00e1n s\u00f3lo una bocanada de aire, pero el problema de fondo no ser\u00eda resuelto.<\/p>\n<p>Como era previsible, el proyecto del Ejecutivo result\u00f3 aprobado por amplia mayor\u00eda. Un anticipo del debate hab\u00eda sido la preparatoria de la reforma de la Fiscal \u2013 Impositiva, sesi\u00f3n en la cual desde la oposici\u00f3n basaron el acompa\u00f1amiento en el temor a un desfinanciamiento de las arcas municipales. De hecho, en la reuni\u00f3n con funcionarios del Ejecutivo se puso sobre la mesa la posibilidad que hacia fin de a\u00f1o no haya dinero para salarios ni para el servicio de higiene urbana.<\/p>\n<p>De todos modos, el descalcismo volvi\u00f3 sobre sus pasos en el incremento que pretend\u00eda llevar a cabo sobre el \u00edtem de Seguridad Ciudadana en el ABL &#8211; por cierto una cifra menor -. Los aumentos aprobados se aplicar\u00e1n, en todos los casos por 20 por ciento, en Seguridad e Higiene y todos los tributos vinculados con derechos.<\/p>\n<p>Aunque no hubo sorpresas con el resultado de la votaci\u00f3n, s\u00ed existieron algunas \u201cperlitas\u201d. Los votos positivos fueron 32; negativos 3 y 2 abstenciones. De los tres ausentes, el faltazo de los dos concejales de Cambiemos PRO hizo ruido: Julio D\u00edaz y Carolina L\u00f3pez, quienes hab\u00edan marcado en la previa una posici\u00f3n contraria muy dura. Sin embargo, los dos mayores contribuyentes propuestos por ellos fueron y avalaron la suba.<\/p>\n<p>No fue la \u00fanica incongruencia entre el voto del concejal y su mayor contribuyente \u00a0&#8211; aqu\u00ed un suplente -. Fue el caso tambi\u00e9n del macrista Sergio Crego, quien estuvo en la vereda de las negativas. Sostuvieron su posici\u00f3n inicial el socialista Esteban Vallarino, vot\u00f3 en contra, y Nahuel Segovia, de Libres del Sur, que opt\u00f3 por la avenida del medio y se abstuvo.<\/p>\n","protected":false},"excerpt":{"rendered":"<p>El gobierno del intendente de Ituzaing\u00f3, Alberto Descalzo, obtuvo este viernes el visto bueno de la Asamblea de Mayores Contribuyentes para aplicar un alza de tasas que impactar\u00e1 en gran medida en el sector productivo del distrito. Es p\u00fablico que el municipio tiene un d\u00e9ficit enorme, calculan que cerrar\u00e1 el a\u00f1o 60 millones abajo, por [&hellip;]<\/p>\n","protected":false},"author":1,"featured_media":4266,"comment_status":"closed","ping_status":"open","sticky":false,"template":"","format":"standard","meta":{"footnotes":""},"categories":[49,29,20,48],"tags":[],"class_list":{"0":"post-4265","1":"post","2":"type-post","3":"status-publish","4":"format-standard","5":"has-post-thumbnail","7":"category-economia-y-gremiales","8":"category-ituzaingo","9":"category-municipios","10":"category-politica-argentina"},"aioseo_notices":[],"_links":{"self":[{"href":"https:\/\/guiadenoticias.com.ar\/diario\/wp-json\/wp\/v2\/posts\/4265","targetHints":{"allow":["GET"]}}],"collection":[{"href":"https:\/\/guiadenoticias.com.ar\/diario\/wp-json\/wp\/v2\/posts"}],"about":[{"href":"https:\/\/guiadenoticias.com.ar\/diario\/wp-json\/wp\/v2\/types\/post"}],"author":[{"embeddable":true,"href":"https:\/\/guiadenoticias.com.ar\/diario\/wp-json\/wp\/v2\/users\/1"}],"replies":[{"embeddable":true,"href":"https:\/\/guiadenoticias.com.ar\/diario\/wp-json\/wp\/v2\/comments?post=4265"}],"version-history":[{"count":1,"href":"https:\/\/guiadenoticias.com.ar\/diario\/wp-json\/wp\/v2\/posts\/4265\/revisions"}],"predecessor-version":[{"id":4267,"href":"https:\/\/guiadenoticias.com.ar\/diario\/wp-json\/wp\/v2\/posts\/4265\/revisions\/4267"}],"wp:featuredmedia":[{"embeddable":true,"href":"https:\/\/guiadenoticias.com.ar\/diario\/wp-json\/wp\/v2\/media\/4266"}],"wp:attachment":[{"href":"https:\/\/guiadenoticias.com.ar\/diario\/wp-json\/wp\/v2\/media?parent=4265"}],"wp:term":[{"taxonomy":"category","embeddable":true,"href":"https:\/\/guiadenoticias.com.ar\/diario\/wp-json\/wp\/v2\/categories?post=4265"},{"taxonomy":"post_tag","embeddable":true,"href":"https:\/\/guiadenoticias.com.ar\/diario\/wp-json\/wp\/v2\/tags?post=4265"}],"curies":[{"name":"wp","href":"https:\/\/api.w.org\/{rel}","templated":true}]}}