{"id":4282,"date":"2016-09-12T00:26:02","date_gmt":"2016-09-12T03:26:02","guid":{"rendered":"http:\/\/guiadenoticias.com.ar\/diario\/?p=4282"},"modified":"2016-09-12T00:27:50","modified_gmt":"2016-09-12T03:27:50","slug":"facundo-moyano-tenemos-que-abandonar-el-lema-de-la-ancha-avenida-del-medio","status":"publish","type":"post","link":"https:\/\/guiadenoticias.com.ar\/diario\/facundo-moyano-tenemos-que-abandonar-el-lema-de-la-ancha-avenida-del-medio\/","title":{"rendered":"Facundo Moyano: \u201cTenemos que abandonar la ancha avenida del medio\u201d"},"content":{"rendered":"<p>El diputado nacional Facundo Moyano avis\u00f3 en Mor\u00f3n que es tiempo de endurecer la posici\u00f3n ante el Gobierno de Cambiemos, en los dos frentes en los cuales tiene gravitaci\u00f3n, el pol\u00edtico y el gremial.<\/p>\n<p>En la reuni\u00f3n de concejales de la Primera Secci\u00f3n del Frente Renovador con el l\u00edder del espacio, Sergio Massa, legisladores y dirigentes, en el sal\u00f3n del gremio de Comercio, Moyano dijo en rueda de prensa, \u201ctenemos que abandonar el lema de la ancha avenida del medio\u201d, aunque se consider\u00f3 como una \u201coposici\u00f3n constructiva\u201d.<\/p>\n<p>No fue la \u00fanica definici\u00f3n contundente dirigida a propios y extra\u00f1os. Ante los coqueteos del tigrense con fuerzas de centro izquierda como el GEN y Libres del Sur, remarc\u00f3: \u201cLo importante es tener claro nuestra identidad y partimos de que somos peronistas\u201d.<\/p>\n<p>Enfoc\u00f3 sus respuestas en la cr\u00edtica a la gesti\u00f3n de Macri. \u201cM\u00e1s all\u00e1 de la distancia pol\u00edtica y tambi\u00e9n en t\u00e9rminos ideol\u00f3gicos con el Gobierno, observamos una falta de plan en todos los aspectos\u201d. En ese sentido cit\u00f3 los casos del \u00e1rea energ\u00e9tica, la inflaci\u00f3n y mencion\u00f3 que \u201ctampoco hay un plan de endeudamiento, el Gobierno se endeuda y no sabe para qu\u00e9\u201d.<\/p>\n<p>Consultado por la etapa que inici\u00f3 recientemente la CGT con la conducci\u00f3n de un triunvirato, el hijo del ex jefe de una de las centrales obreras indic\u00f3, \u201chay un escenario social preocupante, problemas que afectan cada vez m\u00e1s al trabajador. Ante esta situaci\u00f3n, la CGT se tiene que plantar de una manera m\u00e1s dura contra el Gobierno\u201d. No quiso decir expresamente si apoya el llamado a un paro, pero es evidente su adhesi\u00f3n a una medida de fuerza.<\/p>\n","protected":false},"excerpt":{"rendered":"<p>El diputado nacional Facundo Moyano avis\u00f3 en Mor\u00f3n que es tiempo de endurecer la posici\u00f3n ante el Gobierno de Cambiemos, en los dos frentes en los cuales tiene gravitaci\u00f3n, el pol\u00edtico y el gremial. En la reuni\u00f3n de concejales de la Primera Secci\u00f3n del Frente Renovador con el l\u00edder del espacio, Sergio Massa, legisladores y [&hellip;]<\/p>\n","protected":false},"author":1,"featured_media":4283,"comment_status":"closed","ping_status":"open","sticky":false,"template":"","format":"standard","meta":{"footnotes":""},"categories":[49,30,48],"tags":[],"class_list":{"0":"post-4282","1":"post","2":"type-post","3":"status-publish","4":"format-standard","5":"has-post-thumbnail","7":"category-economia-y-gremiales","8":"category-nacion","9":"category-politica-argentina"},"aioseo_notices":[],"_links":{"self":[{"href":"https:\/\/guiadenoticias.com.ar\/diario\/wp-json\/wp\/v2\/posts\/4282","targetHints":{"allow":["GET"]}}],"collection":[{"href":"https:\/\/guiadenoticias.com.ar\/diario\/wp-json\/wp\/v2\/posts"}],"about":[{"href":"https:\/\/guiadenoticias.com.ar\/diario\/wp-json\/wp\/v2\/types\/post"}],"author":[{"embeddable":true,"href":"https:\/\/guiadenoticias.com.ar\/diario\/wp-json\/wp\/v2\/users\/1"}],"replies":[{"embeddable":true,"href":"https:\/\/guiadenoticias.com.ar\/diario\/wp-json\/wp\/v2\/comments?post=4282"}],"version-history":[{"count":3,"href":"https:\/\/guiadenoticias.com.ar\/diario\/wp-json\/wp\/v2\/posts\/4282\/revisions"}],"predecessor-version":[{"id":4286,"href":"https:\/\/guiadenoticias.com.ar\/diario\/wp-json\/wp\/v2\/posts\/4282\/revisions\/4286"}],"wp:featuredmedia":[{"embeddable":true,"href":"https:\/\/guiadenoticias.com.ar\/diario\/wp-json\/wp\/v2\/media\/4283"}],"wp:attachment":[{"href":"https:\/\/guiadenoticias.com.ar\/diario\/wp-json\/wp\/v2\/media?parent=4282"}],"wp:term":[{"taxonomy":"category","embeddable":true,"href":"https:\/\/guiadenoticias.com.ar\/diario\/wp-json\/wp\/v2\/categories?post=4282"},{"taxonomy":"post_tag","embeddable":true,"href":"https:\/\/guiadenoticias.com.ar\/diario\/wp-json\/wp\/v2\/tags?post=4282"}],"curies":[{"name":"wp","href":"https:\/\/api.w.org\/{rel}","templated":true}]}}