{"id":4354,"date":"2016-09-16T22:12:09","date_gmt":"2016-09-17T01:12:09","guid":{"rendered":"http:\/\/guiadenoticias.com.ar\/diario\/?p=4354"},"modified":"2016-09-16T22:14:48","modified_gmt":"2016-09-17T01:14:48","slug":"el-gobierno-cumplio-con-la-formalidad-de-la-audiencia-por-el-gas","status":"publish","type":"post","link":"https:\/\/guiadenoticias.com.ar\/diario\/el-gobierno-cumplio-con-la-formalidad-de-la-audiencia-por-el-gas\/","title":{"rendered":"El Gobierno cumpli\u00f3 con la audiencia por el alza del gas"},"content":{"rendered":"<p>A las 9:29, el ministro de Energ\u00eda, Juan Jos\u00e9 Aranguren, dio comienzo a la\u00a0audiencia p\u00fablica para discutir la suba en la tarifa de gas. Dijo que el aumento tarifario ser\u00e1 de 122 a 236 por ciento promedio, seg\u00fan el nivel de consumo. As\u00ed, la boleta media ir\u00eda de 107 a 953 pesos mensuales, m\u00e1s impuestos, precis\u00f3.<\/p>\n<p>Luego, los representantes de provincias y petroleras defendieron los incrementos que, se\u00f1alaron, son necesarios para financiar una mayor producci\u00f3n que garantice el abastecimietno<\/p>\n<p>El ministro Aranguren arranc\u00f3 planteando que habr\u00e1 \u00abaumentos\u00a0graduales semestrales en los pr\u00f3ximos tres a\u00f1os\u00bb. As\u00ed, dijo, \u00aben octubre de\u00a02019\u00bb se habr\u00e1n eliminado los subsidios al gas. Los subsidios, plante\u00f3, representan\u00a05.700 millones de d\u00f3lares anuales.<\/p>\n<p>\u00abPara este nuevo cuadro tarifario tenemos que\u00a0tener en cuenta una realidad, que es el sector que parte de un valor m\u00e1s bajo, de 16 centavos por mill\u00f3n de BTU, que llegar\u00e1n reci\u00e9n al\u00a0valor del mercado en octubre de 2022\u00bb, agreg\u00f3.<\/p>\n<p>El aumento propuesto\u00a0llevar\u00e1 la boleta de los sectores de menos consumo a 107 pesos mensuales m\u00e1s impuestos,\u00a0dijo Aranguren. En cambio,\u00a0para los usuarios medios, la factura media ser\u00eda de\u00a0371 pesos mensuales, y de 953 pesos\u00a0para quienes m\u00e1s consumen. Siempre en promedio, a\u00f1adi\u00f3 el funcionario.<\/p>\n<p>De esta forma, dijo, habr\u00e1 una reducci\u00f3n de los subsidios del 81 al 50\u00a0por ciento del precio.\u00a0El nuevo cuadro tarifario, se\u00f1al\u00f3, se implementar\u00e1 el pr\u00f3ximo mes. Los ajustes ser\u00e1n del 122 al 237 por ciento, precis\u00f3\u00a0el ministro.<\/p>\n<p>El discurso de Arangunren se ajust\u00f3 a los 20 minutos programados. Y tuvo un car\u00e1cter netamente t\u00e9cnico. Fue cerrado con un aplauso moderado, similar al que recibieron las siguientes presentaciones.<\/p>\n<p>Mientras tanto, agrupaciones sociales y partidarias se movilizaron en los alrededores del centro cultural en protesta por la discusi\u00f3n tarifaria.<\/p>\n<p>De acuerdo al listado oficial publicado por el\u00a0Ente Nacional Regulador del Gas (Enargas), hay\u00a0373 personas autorizadas para disertar,\u00a0por lo que se prev\u00e9 que las audiencias se extiendan al menos hasta el domingo.<\/p>\n<p>A Aranguren\u00a0deb\u00eda seguirlo el gobernador de R\u00edo Negro, Alberto Weretilneck, quien no lleg\u00f3 a la audiencia por problemas de transporte: paro de Aerol\u00edneas Argentina.\u00a0Y fue entonces que comenz\u00f3 a hablar\u00a0el ministro de Energ\u00eda de Neuqu\u00e9n, Alejandro Nicola.<\/p>\n<p>Nicola dijo que gracias a las reservas de Vaca Muerta,\u00a0\u00abla Argentina tiene gas para 500 a\u00f1os\u00bb.<\/p>\n<p>\u00abNos pagaron 0,40 d\u00f3lares por\u00a0metro mientras se importaba a 20\u00bb, se quej\u00f3 el ministro neuquino, \u00abImportamos 45.000 millones de d\u00f3lares\u00bb, precis\u00f3. Nicola agreg\u00f3 que por el plan de \u00abgas incremental (plan gas) se ahorraron 4.200 millones\u00a0de d\u00f3lares. De gas incremental que si no se sacaba de Neuqu\u00e9n se hubiera importado\u00bb.<\/p>\n<p>Dio precisiones sobre los precios del gas:\u00a0\u00abArgentina paga un promedio de u$ 4,72 por mill\u00f3n de BTU (la medida para el combustible). Pero el cliente lo paga (en la mayor\u00eda del pa\u00eds) a U$ 1,29\u00bb, asegur\u00f3.<\/p>\n<p>Como el representante de Neuqu\u00e9n, los de las empresas petroleras tambi\u00e9n hicieron una defensa del incremento del precio del combustible. El primero en hablar fue el de\u00a0YPF, Fernando Giliberti, quien\u00a0destac\u00f3 los US$ 10.000 millones invertidos por la empresa en el desarrollo de la producci\u00f3n de gas.<\/p>\n<p>\u00abLos pozos declinan siempre la producci\u00f3n -continu\u00f3 Giliberti-<strong>\u00a0<\/strong>Por eso hay que perforar m\u00e1s.\u00a0Y los no convencionales declinan m\u00e1s r\u00e1pido.\u00a0En la Argentina queda potencial de shale\u00bb Y fue all\u00ed que pas\u00f3 a justificar la necesidad de m\u00e1s precios: \u00abNecesitamos un n\u00famero para repagar inversiones, costos, regal\u00edas, impuestos, amortizaciones.\u00a0Ese n\u00famero es 4 d\u00f3lares por mm de btu en convencionales. En Tight, 6,2. Y en shale 7,6\u00bb.<\/p>\n<p><strong>\u00ab<\/strong>Para sustituir importaciones YPF<strong>\u00a0<\/strong>tiene que invertir 12.000 millones de d\u00f3lares anuales\u00bb, a\u00f1adi\u00f3 el ejecutivo de la petrolera, quien agreg\u00f3 que \u00abpara el resto de la industria, los costos son m\u00e1s caros que los de YPF\u00bb.<\/p>\n<p>El siguiente orador\u00a0fue Hern\u00e1n Silva,\u00a0el representante de otra petrolera, Total, de capital franc\u00e9s y gran productora de gas.\u00a0\u00abDesarrollar proyectos argentinos es m\u00e1s barato que importar\u00a0-dijo- Con los precios que se pagan a la importaci\u00f3n se puede perforar en el pa\u00eds para suplir la declinaci\u00f3n de producci\u00f3n\u00bb.<\/p>\n<p>\u00abTotal apost\u00f3 a offshore, pas\u00f3 de 6 a 22 millones\u00a0de metros c\u00fabicos diarios. Invirti\u00f3 2.600 millones\u00a0de d\u00f3lares\u00bb.\u00a0\u00a0Pero para m\u00e1s inversiones, a\u00f1adi\u00f3 el ejecutivo, \u00abnecesitamos precio y visibilidad con reglas de juego claras\u00bb.<\/p>\n<p>Le sigui\u00f3 el consultor Daniel Gerold. \u00abNos quemamos 60.000 millones\u00a0de d\u00f3lares en importaciones -dijo-. Y eso no gener\u00f3 ni un empleo\u00bb. Y, a\u00f1adi\u00f3, \u00abno podemos comprar en Bolivia porque no tienen gas e incumplen\u00bb. \u00abNo es real cuando se dice que el gas tiene que valer cero. Eso es una fantas\u00eda. No hay soluciones r\u00e1pidas ni baratas pero existen\u00bb.<\/p>\n<p>El n\u00famero de oradores ser\u00e1 mayor\u00a0cuando llegue\u00a0el\u00a0turno de los\u00a0legisladores nacionales. Hay m\u00e1s de 20 enlistados,\u00a0entre\u00a0oficialistas y de la\u00a0oposici\u00f3n, aunque tendr\u00e1n 5 minutos para explayarse.<\/p>\n<p>La lista tambi\u00e9n la integran\u00a0representantes empresas licenciatarias y prestadoras de gas, defensores del pueblo y asociaciones de consumidores y usuarios\u00a0de distintas partes del pa\u00eds.<\/p>\n<p>El\u00a0Enargas habilit\u00f3\u00a0ocho centros virtuales\u00a0que tambi\u00e9n participar\u00e1n de la audiencia, en las ciudades de Ushuaia, Neuqu\u00e9n, Salta, C\u00f3rdoba, Paran\u00e1, Mendoza, Rosario y Santa Rosa.<\/p>\n<p>La audiencia p\u00fablica convocada por\u00a0Enargas\u00a0se da\u00a0tras el fallo de la Corte Suprema del pasado 18 de agosto, en el que por unanimidad se declar\u00f3 nulo el aumento en las tarifas de gas aplicado por el Gobierno y estableci\u00f3 la obligatoriedad de realizar audiencias.<\/p>\n","protected":false},"excerpt":{"rendered":"<p>A las 9:29, el ministro de Energ\u00eda, Juan Jos\u00e9 Aranguren, dio comienzo a la\u00a0audiencia p\u00fablica para discutir la suba en la tarifa de gas. Dijo que el aumento tarifario ser\u00e1 de 122 a 236 por ciento promedio, seg\u00fan el nivel de consumo. As\u00ed, la boleta media ir\u00eda de 107 a 953 pesos mensuales, m\u00e1s impuestos, [&hellip;]<\/p>\n","protected":false},"author":1,"featured_media":4356,"comment_status":"closed","ping_status":"open","sticky":false,"template":"","format":"standard","meta":{"footnotes":""},"categories":[49,30,48],"tags":[],"class_list":{"0":"post-4354","1":"post","2":"type-post","3":"status-publish","4":"format-standard","5":"has-post-thumbnail","7":"category-economia-y-gremiales","8":"category-nacion","9":"category-politica-argentina"},"aioseo_notices":[],"_links":{"self":[{"href":"https:\/\/guiadenoticias.com.ar\/diario\/wp-json\/wp\/v2\/posts\/4354","targetHints":{"allow":["GET"]}}],"collection":[{"href":"https:\/\/guiadenoticias.com.ar\/diario\/wp-json\/wp\/v2\/posts"}],"about":[{"href":"https:\/\/guiadenoticias.com.ar\/diario\/wp-json\/wp\/v2\/types\/post"}],"author":[{"embeddable":true,"href":"https:\/\/guiadenoticias.com.ar\/diario\/wp-json\/wp\/v2\/users\/1"}],"replies":[{"embeddable":true,"href":"https:\/\/guiadenoticias.com.ar\/diario\/wp-json\/wp\/v2\/comments?post=4354"}],"version-history":[{"count":3,"href":"https:\/\/guiadenoticias.com.ar\/diario\/wp-json\/wp\/v2\/posts\/4354\/revisions"}],"predecessor-version":[{"id":4359,"href":"https:\/\/guiadenoticias.com.ar\/diario\/wp-json\/wp\/v2\/posts\/4354\/revisions\/4359"}],"wp:featuredmedia":[{"embeddable":true,"href":"https:\/\/guiadenoticias.com.ar\/diario\/wp-json\/wp\/v2\/media\/4356"}],"wp:attachment":[{"href":"https:\/\/guiadenoticias.com.ar\/diario\/wp-json\/wp\/v2\/media?parent=4354"}],"wp:term":[{"taxonomy":"category","embeddable":true,"href":"https:\/\/guiadenoticias.com.ar\/diario\/wp-json\/wp\/v2\/categories?post=4354"},{"taxonomy":"post_tag","embeddable":true,"href":"https:\/\/guiadenoticias.com.ar\/diario\/wp-json\/wp\/v2\/tags?post=4354"}],"curies":[{"name":"wp","href":"https:\/\/api.w.org\/{rel}","templated":true}]}}