{"id":4411,"date":"2016-09-22T02:03:39","date_gmt":"2016-09-22T05:03:39","guid":{"rendered":"http:\/\/guiadenoticias.com.ar\/diario\/?p=4411"},"modified":"2016-09-22T02:03:53","modified_gmt":"2016-09-22T05:03:53","slug":"massa-e-intendentes-del-fr-se-reunieron-por-el-presupuesto-2017","status":"publish","type":"post","link":"https:\/\/guiadenoticias.com.ar\/diario\/massa-e-intendentes-del-fr-se-reunieron-por-el-presupuesto-2017\/","title":{"rendered":"Massa e intendentes del FR se reunieron por el Presupuesto 2017"},"content":{"rendered":"<p>Dirigentes del Frente Renovador, con el diputado nacional Sergio Massa a la cabeza, dispusieron una jornada de trabajo en un sal\u00f3n privado de San Fernando, con el fin de plantear una propuesta para la Ley de Presupuesto 2017, compartir experiencias de gesti\u00f3n y hallar soluciones ante los problemas econ\u00f3micos y sociales que enfrenta la provincia de Buenos Aires.<\/p>\n<p>Se reunieron Luis Andreotti, intendente sanfernandino; Julio Zamora, su par de Tigre; Sandra Mayol, de Monte; Javier Osuna, de Las Heras; Javier Gast\u00f3n, de Chascom\u00fas; Carlos Puglelli, de San Andr\u00e9s de Giles; Germ\u00e1n Di C\u00e9sare, de General Alvarado; Facundo L\u00f3pez, de Necochea; Alexis Guerrera, de General Pinto; y el legislador Juan Andreotti, quien preside la Comisi\u00f3n de Asuntos Municipales en la C\u00e1mara baja bonaerense.<\/p>\n<p>Al finalizar el encuentro, Luis Andreotti detall\u00f3: \u201cSe acerca el momento de definir el Presupuesto 2017 tanto a nivel nacional como provincial, y nosotros esperamos cumplir m\u00e1s con nuestros vecinos; por eso queremos hablar de todo, desde el financiamiento de la salud, el Fondo Educativo, los gastos de infraestructura, la seguridad y todo lo relacionado con la coparticipaci\u00f3n\u201d.<\/p>\n<p>\u201cSon muchos temas y pocos d\u00edas para estudiarlos, pero vamos a trabajar con nuestros legisladores nacionales y provinciales, y llevaremos una opini\u00f3n en conjunto para que los vecinos tengan mejores servicios y calidad de vida, para soportar una situaci\u00f3n que este a\u00f1o fue muy dif\u00edcil\u201d, continu\u00f3 el sanfernandino.<\/p>\n<p>En tanto, Sandra Mayol destac\u00f3 la colaboraci\u00f3n entre jefes comunales: \u201cEs la ingenier\u00eda que tenemos los intendentes, que somos los primeros que atendemos al vecino, golpeamos puertas, a veces tenemos respuestas y a veces no\u201d. A la vez, enfatiz\u00f3 en la necesidad de un mayor federalismo: \u201cUno pelea para que haya igualdad para todos los ciudadanos de la Provincia, porque as\u00ed debe ser; peleamos por un cambio y que cada municipio reciba la coparticipaci\u00f3n\u201d.<\/p>\n<p>Javier Osuna manifest\u00f3, \u201ccreo que lo m\u00e1s importante que tiene el Frente Renovador es el gran equipo que hemos formado. Aquellos intendentes con experiencia, como en el caso de Luis (Andreotti) y Julio (Zamora), han abierto sus puertas junto a quienes somos nuevos en la gesti\u00f3n, y nos permitieron un intercambio permanente a nivel mensual, nos transmiten una experiencia que nos permite llevar soluciones a nuestros distritos\u201d.<\/p>\n<p>\u201cCelebro mucho este tipo de encuentros, son un ejercicio importante contra lo que hemos peleado en campa\u00f1a, tener \u2018de rehenes\u2019 a los municipios\u201d, agreg\u00f3 Osuna, y concluy\u00f3: \u201cCuando los fondos son entregados por preferencias partidarias, mucha gente lo sufre. Por eso hay que trabajar para mejorar el sistema, que sea m\u00e1s objetivo y\u00a0 que la ley impida que la mala pol\u00edtica meta la cola. Estamos trabajando en ello, sabemos que no sirve de nada quejarse sin aportar ideas y para eso estamos, para sumar tanto en la Legislatura provincial como en el Congreso Nacional\u201d.<\/p>\n","protected":false},"excerpt":{"rendered":"<p>Dirigentes del Frente Renovador, con el diputado nacional Sergio Massa a la cabeza, dispusieron una jornada de trabajo en un sal\u00f3n privado de San Fernando, con el fin de plantear una propuesta para la Ley de Presupuesto 2017, compartir experiencias de gesti\u00f3n y hallar soluciones ante los problemas econ\u00f3micos y sociales que enfrenta la provincia [&hellip;]<\/p>\n","protected":false},"author":1,"featured_media":4412,"comment_status":"closed","ping_status":"open","sticky":false,"template":"","format":"standard","meta":{"footnotes":""},"categories":[20,48,22],"tags":[],"class_list":{"0":"post-4411","1":"post","2":"type-post","3":"status-publish","4":"format-standard","5":"has-post-thumbnail","7":"category-municipios","8":"category-politica-argentina","9":"category-san-fernando"},"aioseo_notices":[],"_links":{"self":[{"href":"https:\/\/guiadenoticias.com.ar\/diario\/wp-json\/wp\/v2\/posts\/4411","targetHints":{"allow":["GET"]}}],"collection":[{"href":"https:\/\/guiadenoticias.com.ar\/diario\/wp-json\/wp\/v2\/posts"}],"about":[{"href":"https:\/\/guiadenoticias.com.ar\/diario\/wp-json\/wp\/v2\/types\/post"}],"author":[{"embeddable":true,"href":"https:\/\/guiadenoticias.com.ar\/diario\/wp-json\/wp\/v2\/users\/1"}],"replies":[{"embeddable":true,"href":"https:\/\/guiadenoticias.com.ar\/diario\/wp-json\/wp\/v2\/comments?post=4411"}],"version-history":[{"count":1,"href":"https:\/\/guiadenoticias.com.ar\/diario\/wp-json\/wp\/v2\/posts\/4411\/revisions"}],"predecessor-version":[{"id":4413,"href":"https:\/\/guiadenoticias.com.ar\/diario\/wp-json\/wp\/v2\/posts\/4411\/revisions\/4413"}],"wp:featuredmedia":[{"embeddable":true,"href":"https:\/\/guiadenoticias.com.ar\/diario\/wp-json\/wp\/v2\/media\/4412"}],"wp:attachment":[{"href":"https:\/\/guiadenoticias.com.ar\/diario\/wp-json\/wp\/v2\/media?parent=4411"}],"wp:term":[{"taxonomy":"category","embeddable":true,"href":"https:\/\/guiadenoticias.com.ar\/diario\/wp-json\/wp\/v2\/categories?post=4411"},{"taxonomy":"post_tag","embeddable":true,"href":"https:\/\/guiadenoticias.com.ar\/diario\/wp-json\/wp\/v2\/tags?post=4411"}],"curies":[{"name":"wp","href":"https:\/\/api.w.org\/{rel}","templated":true}]}}