{"id":4446,"date":"2016-09-23T20:56:37","date_gmt":"2016-09-23T23:56:37","guid":{"rendered":"http:\/\/guiadenoticias.com.ar\/diario\/?p=4446"},"modified":"2016-09-23T20:56:56","modified_gmt":"2016-09-23T23:56:56","slug":"la-cgt-anuncio-que-hara-un-paro-pero-no-fijo-fecha","status":"publish","type":"post","link":"https:\/\/guiadenoticias.com.ar\/diario\/la-cgt-anuncio-que-hara-un-paro-pero-no-fijo-fecha\/","title":{"rendered":"La CGT anunci\u00f3 que har\u00e1 un paro, pero no fij\u00f3 fecha"},"content":{"rendered":"<p>Despu\u00e9s de tres horas de debate interno, la CGT unificada evit\u00f3 fijar una fecha para lo que ser\u00eda el primer paro nacional en contra del gobierno de Mauricio Macri. Con esta decisi\u00f3n, la central obrera busca mantener abierto un canal de negociaci\u00f3n con la Casa Rosada.<\/p>\n<p>El Confederal, del que participaron m\u00e1s de 140 gremios, autoriz\u00f3 al triunvirato a definir la fecha de la eventual protesta. Durante el debate hubo gremios que sugirieron la semana del 17 de octubre para activar la posible huelga.<\/p>\n<p>La c\u00fapula de la CGT ser\u00e1 recibida el jueves pr\u00f3ximo por el ministro de Hacienda y Finanzas, Alfonso Prat-Gay, y otros funcionarios. A ese encuentro podr\u00eda sumarse el presidente Mauricio Macri.<\/p>\n<p>En la CGT conviven hoy diferentes posturas: el moyanismo presiona para activar un paro en octubre, mientras que el sector de Los Gordos e independientes priorizan el di\u00e1logo con el Gobierno antes de determinar la protesta.<\/p>\n<p>Hay tres temas que inquietan al movimiento obrero: interceder en las reformas que el oficialismo pretende hacer en lo relativo al impuesto a las Ganancias y a las ART; lograr que el Gobierno habilite a las negociaciones por actividad para obtener un bono de fin a\u00f1o para compensar la inflaci\u00f3n, y comprometer al macrismo para no avanzar en cambios en la legislaci\u00f3n que permitan bajar los costos y cargas laborales.<\/p>\n","protected":false},"excerpt":{"rendered":"<p>Despu\u00e9s de tres horas de debate interno, la CGT unificada evit\u00f3 fijar una fecha para lo que ser\u00eda el primer paro nacional en contra del gobierno de Mauricio Macri. Con esta decisi\u00f3n, la central obrera busca mantener abierto un canal de negociaci\u00f3n con la Casa Rosada. El Confederal, del que participaron m\u00e1s de 140 gremios, [&hellip;]<\/p>\n","protected":false},"author":1,"featured_media":4447,"comment_status":"closed","ping_status":"open","sticky":false,"template":"","format":"standard","meta":{"footnotes":""},"categories":[49,30,48],"tags":[],"class_list":{"0":"post-4446","1":"post","2":"type-post","3":"status-publish","4":"format-standard","5":"has-post-thumbnail","7":"category-economia-y-gremiales","8":"category-nacion","9":"category-politica-argentina"},"aioseo_notices":[],"_links":{"self":[{"href":"https:\/\/guiadenoticias.com.ar\/diario\/wp-json\/wp\/v2\/posts\/4446","targetHints":{"allow":["GET"]}}],"collection":[{"href":"https:\/\/guiadenoticias.com.ar\/diario\/wp-json\/wp\/v2\/posts"}],"about":[{"href":"https:\/\/guiadenoticias.com.ar\/diario\/wp-json\/wp\/v2\/types\/post"}],"author":[{"embeddable":true,"href":"https:\/\/guiadenoticias.com.ar\/diario\/wp-json\/wp\/v2\/users\/1"}],"replies":[{"embeddable":true,"href":"https:\/\/guiadenoticias.com.ar\/diario\/wp-json\/wp\/v2\/comments?post=4446"}],"version-history":[{"count":1,"href":"https:\/\/guiadenoticias.com.ar\/diario\/wp-json\/wp\/v2\/posts\/4446\/revisions"}],"predecessor-version":[{"id":4448,"href":"https:\/\/guiadenoticias.com.ar\/diario\/wp-json\/wp\/v2\/posts\/4446\/revisions\/4448"}],"wp:featuredmedia":[{"embeddable":true,"href":"https:\/\/guiadenoticias.com.ar\/diario\/wp-json\/wp\/v2\/media\/4447"}],"wp:attachment":[{"href":"https:\/\/guiadenoticias.com.ar\/diario\/wp-json\/wp\/v2\/media?parent=4446"}],"wp:term":[{"taxonomy":"category","embeddable":true,"href":"https:\/\/guiadenoticias.com.ar\/diario\/wp-json\/wp\/v2\/categories?post=4446"},{"taxonomy":"post_tag","embeddable":true,"href":"https:\/\/guiadenoticias.com.ar\/diario\/wp-json\/wp\/v2\/tags?post=4446"}],"curies":[{"name":"wp","href":"https:\/\/api.w.org\/{rel}","templated":true}]}}