{"id":4458,"date":"2016-09-24T02:26:32","date_gmt":"2016-09-24T05:26:32","guid":{"rendered":"http:\/\/guiadenoticias.com.ar\/diario\/?p=4458"},"modified":"2016-09-26T00:47:36","modified_gmt":"2016-09-26T03:47:36","slug":"pozzuto-trabajamos-en-equipo-con-los-concejales-de-cambiemos","status":"publish","type":"post","link":"https:\/\/guiadenoticias.com.ar\/diario\/pozzuto-trabajamos-en-equipo-con-los-concejales-de-cambiemos\/","title":{"rendered":"Pozzuto: \u201cTrabajamos en equipo con los concejales de Cambiemos\u201d"},"content":{"rendered":"<p>Gabriel Pozzuto, abogado de profesi\u00f3n, fue designado en mayo al frente del Pami de Ituzaing\u00f3, que cubre a 22 mil afiliados. En t\u00e9rminos pol\u00edticos est\u00e1 vinculado con el espacio de Ramiro Tagliaferro, de quien fue asesor durante varios a\u00f1os.<\/p>\n<p><strong>\u00bfCon qu\u00e9 panorama se encontr\u00f3 cuando lleg\u00f3?<\/strong><\/p>\n<p>B\u00e1sicamente con un problema muy grande y grave que es la falta de estructura de atenci\u00f3n de alta complejidad, no hay hospital por as\u00ed decirlo, ni estructura de una cl\u00ednica privada que pueda llegar a complementar con ese objetivo. Si hoy Pami de Ituzaing\u00f3 tiene que internar a alguien lo deriva a una cl\u00ednica de Mor\u00f3n o de Merlo.<\/p>\n<p><strong>\u00bfLos programas como est\u00e1n funcionando?<\/strong><\/p>\n<p>Funcionan relativamente bien o se podr\u00edan volver a encauzar. No solamente lo que es m\u00e9dico sino el programa social. Hay uno que se llama Pro Bienestar, esto es una ayuda alimentaria que se le brinda al afiliado y se est\u00e1 repartiendo en aproximadamente 10 centros de jubilados. Y despu\u00e9s lo que vendr\u00eda a ser recreativo y cultural.<\/p>\n<p><strong>En cuanto a los objetivos de gesti\u00f3n que se fij\u00f3, \u00bfest\u00e1 cerca de alcanzarlos?<\/strong><\/p>\n<p>El principal objetivo que yo me trac\u00e9 cuando llegu\u00e9 fue poner en orden interno a la agencia. Me encontr\u00e9 con muchas deficiencias edilicias. Se han producido inconvenientes incluso con el personal, con justa raz\u00f3n. En pleno invierno no funcionaba la calefacci\u00f3n con el claro perjuicio para la gente que est\u00e1 trabajando ac\u00e1\u00a0 y para el propio afiliado. Si queremos un cambio que el cambio empiece en casa.<\/p>\n<p><strong>Pami siempre fue se\u00f1alado como una caja de recaudaci\u00f3n pol\u00edtica. \u00bfCree que se est\u00e1n tomando las medidas correctas en cuanto a transparencia?<\/strong><\/p>\n<p>Personalmente estoy poniendo m\u00e1s plata de la que gano, en torno a lo que es el salario. Pero, creo que s\u00ed, se est\u00e1n viendo avances en cuanto a la gesti\u00f3n, incluso el tema de los hospitales del Bicentenario. Y que se inaugure este a\u00f1o el Hospital de Esteban Echeverr\u00eda. (\u2026) Es un verdadero avance. Esperemos que el a\u00f1o que viene podamos decir lo mismo del Hospital de Ituzaing\u00f3.<\/p>\n<p><strong>Es un hospital \u00edntegramente de Pami\u2026<\/strong><\/p>\n<p>Voy a replicar es lo que dijo el director Ejecutivo, Carlos Regazzoni. Los hospitales del Bicentenario son de la anterior gesti\u00f3n. La idea es que fueran una especie\u00a0de colaboraci\u00f3n entre el municipio, la Provincia, Pami y la Naci\u00f3n. Pami es el que financia la construcci\u00f3n de los hospitales y los municipios eran los que ced\u00edan las tierras. Y creo que hacia donde se va es que estos hospitales funcionen dentro de la \u00f3rbita del Pami, pero con una gesti\u00f3n conjunta dentro de las provincias donde est\u00e9n ubicados.<\/p>\n<p><strong>\u00bfQu\u00e9 tipo de relaci\u00f3n tiene con el municipio?<\/strong><\/p>\n<p>Con la autoridades del municipio de Ituzaing\u00f3 tengo la relaci\u00f3n institucional que me corresponde por ser el representante de Pami ac\u00e1 en el distrito. Simplemente no hay m\u00e1s que eso.<\/p>\n<p><strong>EL FUTURO DEL PRO<\/strong><\/p>\n<p><strong>Cambiemos tiene tres bloques. Lo cual habla de cierta dispersi\u00f3n. \u00bfCree que se va a ordenar naturalmente el tema, que hay que hacer depuraci\u00f3n o que tiene que haber una bajada de l\u00ednea de la conducci\u00f3n del espacio?<\/strong><\/p>\n<p>En realidad hay un bloque que es el oficial, que es el de Gast\u00f3n Di Castelnuovo, que fue el bloque votado en 2015. Despu\u00e9s hay otro bloque que fue conformado por Julio D\u00edaz y Carolina L\u00f3pez, electos por otro partido pol\u00edtico, y ahora se denominan como bloque Cambiemos PRO. Y despu\u00e9s el otro monobloque, que se desprende el oficial, que es el que conform\u00f3 el concejal Crego.<\/p>\n<p><strong>Se fue enojado, no qued\u00f3 bien la cosa. Acus\u00f3 al bloque que dej\u00f3 de hacer acuerdos pol\u00edticos con el oficialismo.<\/strong><\/p>\n<p>Los concejales me comentaban que Sergio (Crego) sali\u00f3 a decir que no iba a votar el aumento de las tasas y que hab\u00eda connivencia. Despu\u00e9s, en la asamblea, el mayor contribuyente que \u00e9l aport\u00f3 vot\u00f3 a favor del aumento de las tasas. Entonces digo, es un chico que muy bien en claro no est\u00e1.<\/p>\n<p><strong>Hay demasiada interna<\/strong><\/p>\n<p>C\u00f3mo orden\u00e1s a gente que est\u00e1 afuera; porque ellos dicen que son Cambiemos, pero no tienen referentes. Estamos armando pol\u00edtica en bloque, yo, m\u00e1s los otros tres concejales, y la representaci\u00f3n que tenemos es Ramiro Tagliaferro.<\/p>\n<p><strong>\u00bfConsidera que el candidato de 2019 saldr\u00e1 de los dirigentes que ya est\u00e1n trabajando en el distrito?<\/strong><\/p>\n<p>Creo que lo m\u00e1s razonable y l\u00f3gico es que salga de los dirigentes que est\u00e1n trabajando en forma mancomunada. Hoy en d\u00eda trabajamos en equipo Gast\u00f3n, De Benedetto y S\u00e1nchez. Ahora, la realidad es que si aparece alguien mejor, siempre digo lo mismo, si aparecen otros jugadores mejor posicionados ante la vista del vecino, y se piensa que pueden representar mejor los ideales del partido pol\u00edtico, bienvenido sea y all\u00ed los veremos. Hoy en d\u00eda hago desde el Pami mi trabajo en forma institucional, creo que se pueden mejorar muchas cosas desde el Pami y desde el municipio.<\/p>\n<p><strong>\u00bfMarasco les hizo da\u00f1o?<\/strong><\/p>\n<p>S\u00ed, mucho. Desde el principio de la campa\u00f1a sostuve que Marasco era una persona que jugaba tapada para el oficialismo. Mucho conocimiento con el oficialismo, fue funcionario y dijo p\u00fablicamente que es amigo de Descalzo.<\/p>\n<p><strong>Cuando se plante\u00f3 la interna el a\u00f1o pasado usted estaba en un acuerdo con la UCR, \u00bfc\u00f3mo est\u00e1 ahora el v\u00ednculo?<\/strong><\/p>\n<p>Lo sigo sosteniendo. Creo que en realidad tenemos que jugar todos juntos. No solamente el radicalismo y el PRO, sino todas las fuerzas del municipio que quieran algo distinto para Ituzaing\u00f3. Seguimos con la misma estrategia, pero el radicalismo tiene su propia interna. Soy muy respetuoso de esos procesos pol\u00edticos, ellos deben resolver c\u00f3mo se paran en el frente Cambiemos.<\/p>\n","protected":false},"excerpt":{"rendered":"<p>Gabriel Pozzuto, abogado de profesi\u00f3n, fue designado en mayo al frente del Pami de Ituzaing\u00f3, que cubre a 22 mil afiliados. En t\u00e9rminos pol\u00edticos est\u00e1 vinculado con el espacio de Ramiro Tagliaferro, de quien fue asesor durante varios a\u00f1os. \u00bfCon qu\u00e9 panorama se encontr\u00f3 cuando lleg\u00f3? B\u00e1sicamente con un problema muy grande y grave que [&hellip;]<\/p>\n","protected":false},"author":1,"featured_media":4459,"comment_status":"closed","ping_status":"open","sticky":false,"template":"","format":"standard","meta":{"footnotes":""},"categories":[29,20,48],"tags":[],"class_list":{"0":"post-4458","1":"post","2":"type-post","3":"status-publish","4":"format-standard","5":"has-post-thumbnail","7":"category-ituzaingo","8":"category-municipios","9":"category-politica-argentina"},"aioseo_notices":[],"_links":{"self":[{"href":"https:\/\/guiadenoticias.com.ar\/diario\/wp-json\/wp\/v2\/posts\/4458","targetHints":{"allow":["GET"]}}],"collection":[{"href":"https:\/\/guiadenoticias.com.ar\/diario\/wp-json\/wp\/v2\/posts"}],"about":[{"href":"https:\/\/guiadenoticias.com.ar\/diario\/wp-json\/wp\/v2\/types\/post"}],"author":[{"embeddable":true,"href":"https:\/\/guiadenoticias.com.ar\/diario\/wp-json\/wp\/v2\/users\/1"}],"replies":[{"embeddable":true,"href":"https:\/\/guiadenoticias.com.ar\/diario\/wp-json\/wp\/v2\/comments?post=4458"}],"version-history":[{"count":3,"href":"https:\/\/guiadenoticias.com.ar\/diario\/wp-json\/wp\/v2\/posts\/4458\/revisions"}],"predecessor-version":[{"id":4471,"href":"https:\/\/guiadenoticias.com.ar\/diario\/wp-json\/wp\/v2\/posts\/4458\/revisions\/4471"}],"wp:featuredmedia":[{"embeddable":true,"href":"https:\/\/guiadenoticias.com.ar\/diario\/wp-json\/wp\/v2\/media\/4459"}],"wp:attachment":[{"href":"https:\/\/guiadenoticias.com.ar\/diario\/wp-json\/wp\/v2\/media?parent=4458"}],"wp:term":[{"taxonomy":"category","embeddable":true,"href":"https:\/\/guiadenoticias.com.ar\/diario\/wp-json\/wp\/v2\/categories?post=4458"},{"taxonomy":"post_tag","embeddable":true,"href":"https:\/\/guiadenoticias.com.ar\/diario\/wp-json\/wp\/v2\/tags?post=4458"}],"curies":[{"name":"wp","href":"https:\/\/api.w.org\/{rel}","templated":true}]}}