{"id":4504,"date":"2016-09-27T00:38:38","date_gmt":"2016-09-27T03:38:38","guid":{"rendered":"http:\/\/guiadenoticias.com.ar\/diario\/?p=4504"},"modified":"2016-09-27T00:38:52","modified_gmt":"2016-09-27T03:38:52","slug":"estatales-docentes-y-medicos-van-este-martes-al-paro","status":"publish","type":"post","link":"https:\/\/guiadenoticias.com.ar\/diario\/estatales-docentes-y-medicos-van-este-martes-al-paro\/","title":{"rendered":"Estatales, docentes y m\u00e9dicos van este martes al paro"},"content":{"rendered":"<p>Se ampli\u00f3 el alcance del paro nacional convocado para este martes por los estatales, docentes y m\u00e9dicos, con el anuncio de los privados del Sindicato Argentino de Docentes Privados (Sadop).<\/p>\n<p>El titular de Sadop, Mario Almir\u00f3n, ratific\u00f3 la continuidad del plan de lucha del sindicato y explic\u00f3 que la protesta nacional tendr\u00e1 distintas modalidades seg\u00fan \u201cla provincia\u201d e incluir\u00e1 \u201cla posibilidad de un paro en las jurisdicciones que de esa forma lo dispongan\u201d.<\/p>\n<p>A la huelga que fue convocada por ATE, luego se sumaron los docentes de la Ctera, la Federaci\u00f3n Nacional Docente y los universitarios de Conadu Hist\u00f3rica, por lo que en las escuelas y las universidades estatales no habr\u00e1 clases.<\/p>\n<p>Sadop reclama la reapertura de paritarias; expresar\u00e1n tambi\u00e9n el rechazo \u201ca los despidos en las escuelas, colegios, academias y universidades privadas y el pedido de normas que sancionen al empleador que produzca despidos arbitrarios\u201d.<\/p>\n<p>\u201cNo se trata s\u00f3lo de la disconformidad o rechazo de las pol\u00edticas del gobierno nacional y varios provinciales sino tambi\u00e9n de un mensaje a los propietarios y empleadores de la educaci\u00f3n privada, quienes tambi\u00e9n son responsables de la estructura de injusticia que padecen los docentes de la actividad\u201d, se\u00f1al\u00f3 Almir\u00f3n.<\/p>\n<p>A esos motivos se suman el rechazo a \u201cla armonizaci\u00f3n jubilatoria\u201d impulsada por el gobierno y el reclamo de mayor presupuesto, seg\u00fan indic\u00f3 el portal Infogremiales.<\/p>\n","protected":false},"excerpt":{"rendered":"<p>Se ampli\u00f3 el alcance del paro nacional convocado para este martes por los estatales, docentes y m\u00e9dicos, con el anuncio de los privados del Sindicato Argentino de Docentes Privados (Sadop). El titular de Sadop, Mario Almir\u00f3n, ratific\u00f3 la continuidad del plan de lucha del sindicato y explic\u00f3 que la protesta nacional tendr\u00e1 distintas modalidades seg\u00fan [&hellip;]<\/p>\n","protected":false},"author":1,"featured_media":4505,"comment_status":"closed","ping_status":"open","sticky":false,"template":"","format":"standard","meta":{"footnotes":""},"categories":[49,30,48],"tags":[],"class_list":{"0":"post-4504","1":"post","2":"type-post","3":"status-publish","4":"format-standard","5":"has-post-thumbnail","7":"category-economia-y-gremiales","8":"category-nacion","9":"category-politica-argentina"},"aioseo_notices":[],"_links":{"self":[{"href":"https:\/\/guiadenoticias.com.ar\/diario\/wp-json\/wp\/v2\/posts\/4504","targetHints":{"allow":["GET"]}}],"collection":[{"href":"https:\/\/guiadenoticias.com.ar\/diario\/wp-json\/wp\/v2\/posts"}],"about":[{"href":"https:\/\/guiadenoticias.com.ar\/diario\/wp-json\/wp\/v2\/types\/post"}],"author":[{"embeddable":true,"href":"https:\/\/guiadenoticias.com.ar\/diario\/wp-json\/wp\/v2\/users\/1"}],"replies":[{"embeddable":true,"href":"https:\/\/guiadenoticias.com.ar\/diario\/wp-json\/wp\/v2\/comments?post=4504"}],"version-history":[{"count":1,"href":"https:\/\/guiadenoticias.com.ar\/diario\/wp-json\/wp\/v2\/posts\/4504\/revisions"}],"predecessor-version":[{"id":4506,"href":"https:\/\/guiadenoticias.com.ar\/diario\/wp-json\/wp\/v2\/posts\/4504\/revisions\/4506"}],"wp:featuredmedia":[{"embeddable":true,"href":"https:\/\/guiadenoticias.com.ar\/diario\/wp-json\/wp\/v2\/media\/4505"}],"wp:attachment":[{"href":"https:\/\/guiadenoticias.com.ar\/diario\/wp-json\/wp\/v2\/media?parent=4504"}],"wp:term":[{"taxonomy":"category","embeddable":true,"href":"https:\/\/guiadenoticias.com.ar\/diario\/wp-json\/wp\/v2\/categories?post=4504"},{"taxonomy":"post_tag","embeddable":true,"href":"https:\/\/guiadenoticias.com.ar\/diario\/wp-json\/wp\/v2\/tags?post=4504"}],"curies":[{"name":"wp","href":"https:\/\/api.w.org\/{rel}","templated":true}]}}