{"id":4537,"date":"2016-09-28T20:43:54","date_gmt":"2016-09-28T23:43:54","guid":{"rendered":"http:\/\/guiadenoticias.com.ar\/diario\/?p=4537"},"modified":"2016-09-28T20:44:15","modified_gmt":"2016-09-28T23:44:15","slug":"julio-zamora-y-juan-carlos-schmid-compartieron-actividad-en-tigre","status":"publish","type":"post","link":"https:\/\/guiadenoticias.com.ar\/diario\/julio-zamora-y-juan-carlos-schmid-compartieron-actividad-en-tigre\/","title":{"rendered":"Julio Zamora y Juan Carlos Schmid compartieron actividad en Tigre"},"content":{"rendered":"<p>Durante la presentaci\u00f3n del libro El Mensaje del Pescador, del l\u00edder sindical y miembro del triunvirato que dirige la Confederaci\u00f3n General del Trabajo, Juan Carlos Schmid, el intendente de Tigre, Julio Zamora, se refiri\u00f3 a la posible medida de fuerza anunciada por la CGT: \u201cEl paro no es la \u00fanica alternativa, pero es una de las opciones. A veces el trabajador no encuentra otro camino para defenderse y demostrarle al sector empresario y al Estado que hay un movimiento que reclama mejores condiciones de vida. Creemos que se debe priorizar el di\u00e1logo, pero respetaremos lo que decida la central obrera\u201d.<\/p>\n<p>Organizado por el Ateneo del Encuentro, el evento tuvo lugar en el Museo de la Reconquista. All\u00ed, el jefe comunal tambi\u00e9n opin\u00f3 sobre el gobierno nacional: \u201cLlevamos nueve meses de una gesti\u00f3n con un car\u00e1cter definido, despreocupado de los sectores con m\u00e1s urgencias. No hay medidas concretas vinculadas a una protecci\u00f3n para las Pymes, para el mundo del trabajo y los sectores informales de la econom\u00eda\u201d.<\/p>\n<p>Desde agosto, la CGT volvi\u00f3 a unificarse bajo la figura de un triunvirato integrado por Juan Carlos Schmid, titular del Sindicato de Dragado y Balizamiento de la Confederaci\u00f3n Argentina de Trabajadores del Transporte; H\u00e9ctor Daer, titular del gremio de Sanidad y diputado nacional del Frente Renovador; y Carlos Acu\u00f1a, secretario general del gremio de Estaciones de Servicio y legislador bonaerense por el FR.<\/p>\n<p>Bajo la nueva conducci\u00f3n, la central obrera anunci\u00f3 pocos d\u00edas atr\u00e1s la posible realizaci\u00f3n de un paro general. Consultado al respecto, Schmid se\u00f1al\u00f3 que \u201cel jueves nos va a recibir el ministro de Econom\u00eda y de Trabajo de la Naci\u00f3n para intentar evitar una medida que ha sido facultada por la central. El sector obrero perdi\u00f3 poder adquisitivo y hay dificultades para retomar el crecimiento a nivel nacional. La situaci\u00f3n es muy seria\u201d.<\/p>\n<p>Por otro lado, El Mensaje del Pescador \u00a0aborda reflexiones en torno a la Enc\u00edclica Laudato S\u00ed del Papa Francisco, donde el pont\u00edfice se explaya sobre males tales como la exclusi\u00f3n, entendida como la contracara de la desmedida concentraci\u00f3n econ\u00f3mica.<\/p>\n<p>\u201cEl texto alude a un documento del Papa. Se trata de una contribuci\u00f3n en clave sindical sobre una interpelaci\u00f3n que Francisco hace para el mundo entero. \u00c9l aboga por la ecolog\u00eda integral, en contra de la cultura del descarte y la contaminaci\u00f3n tanto social como ambiental. Esta es nuestra contribuci\u00f3n para interpretar sus palabras\u201d, coment\u00f3 Schmid.<\/p>\n<p>La presentaci\u00f3n del libro cont\u00f3, adem\u00e1s, con la participaci\u00f3n del embajador Carlos Pi\u00f1eiro I\u00f1iguez, quien explic\u00f3 algunas de las caracter\u00edsticas de la publicaci\u00f3n, que incluye reflexiones en torno a la existencia de un Papa latinoamericano y su trabajo por una relaci\u00f3n integral en contra de la desigualdad social.<\/p>\n","protected":false},"excerpt":{"rendered":"<p>Durante la presentaci\u00f3n del libro El Mensaje del Pescador, del l\u00edder sindical y miembro del triunvirato que dirige la Confederaci\u00f3n General del Trabajo, Juan Carlos Schmid, el intendente de Tigre, Julio Zamora, se refiri\u00f3 a la posible medida de fuerza anunciada por la CGT: \u201cEl paro no es la \u00fanica alternativa, pero es una de [&hellip;]<\/p>\n","protected":false},"author":1,"featured_media":4538,"comment_status":"closed","ping_status":"open","sticky":false,"template":"","format":"standard","meta":{"footnotes":""},"categories":[49,20,48,23],"tags":[],"class_list":{"0":"post-4537","1":"post","2":"type-post","3":"status-publish","4":"format-standard","5":"has-post-thumbnail","7":"category-economia-y-gremiales","8":"category-municipios","9":"category-politica-argentina","10":"category-tigre"},"aioseo_notices":[],"_links":{"self":[{"href":"https:\/\/guiadenoticias.com.ar\/diario\/wp-json\/wp\/v2\/posts\/4537","targetHints":{"allow":["GET"]}}],"collection":[{"href":"https:\/\/guiadenoticias.com.ar\/diario\/wp-json\/wp\/v2\/posts"}],"about":[{"href":"https:\/\/guiadenoticias.com.ar\/diario\/wp-json\/wp\/v2\/types\/post"}],"author":[{"embeddable":true,"href":"https:\/\/guiadenoticias.com.ar\/diario\/wp-json\/wp\/v2\/users\/1"}],"replies":[{"embeddable":true,"href":"https:\/\/guiadenoticias.com.ar\/diario\/wp-json\/wp\/v2\/comments?post=4537"}],"version-history":[{"count":1,"href":"https:\/\/guiadenoticias.com.ar\/diario\/wp-json\/wp\/v2\/posts\/4537\/revisions"}],"predecessor-version":[{"id":4539,"href":"https:\/\/guiadenoticias.com.ar\/diario\/wp-json\/wp\/v2\/posts\/4537\/revisions\/4539"}],"wp:featuredmedia":[{"embeddable":true,"href":"https:\/\/guiadenoticias.com.ar\/diario\/wp-json\/wp\/v2\/media\/4538"}],"wp:attachment":[{"href":"https:\/\/guiadenoticias.com.ar\/diario\/wp-json\/wp\/v2\/media?parent=4537"}],"wp:term":[{"taxonomy":"category","embeddable":true,"href":"https:\/\/guiadenoticias.com.ar\/diario\/wp-json\/wp\/v2\/categories?post=4537"},{"taxonomy":"post_tag","embeddable":true,"href":"https:\/\/guiadenoticias.com.ar\/diario\/wp-json\/wp\/v2\/tags?post=4537"}],"curies":[{"name":"wp","href":"https:\/\/api.w.org\/{rel}","templated":true}]}}