{"id":4542,"date":"2016-09-29T01:03:13","date_gmt":"2016-09-29T04:03:13","guid":{"rendered":"http:\/\/guiadenoticias.com.ar\/diario\/?p=4542"},"modified":"2016-09-29T17:03:19","modified_gmt":"2016-09-29T20:03:19","slug":"dramatico-macri-confirmo-que-su-gobierno-parte-con-32-de-pobres","status":"publish","type":"post","link":"https:\/\/guiadenoticias.com.ar\/diario\/dramatico-macri-confirmo-que-su-gobierno-parte-con-32-de-pobres\/","title":{"rendered":"Dram\u00e1tico: Macri confirm\u00f3 que su Gobierno parte con 32% de pobres"},"content":{"rendered":"<p>\u00abNos duele y nos da bronca que uno de cada tres argentinos sea pobre\u00bb, dijo el Presidente. Cuando en el Gobierno se conoci\u00f3 que en la Argentina el 32,2% eran pobres se decidi\u00f3 que esta mala noticia lejos de esconderla hab\u00eda que ponerla en el centro de la escena. Por esta raz\u00f3n, el propio Mauricio Macri decidi\u00f3 dar una conferencia de prensa para comprometerse p\u00fablicamente a que su gesti\u00f3n sea evaluada en funci\u00f3n de si lograr bajar la pobreza.<\/p>\n<p>Parte de un piso alto 32,2%. \u00abYo estoy para hacer todas las autocr\u00edticas que podamos, porque s\u00f3lo hay lugar para la mejora. Pero ahora en la Argentina, los n\u00fameros reflejan la realidad del pa\u00eds. Hace un a\u00f1o atr\u00e1s ten\u00edamos cifras que no respetaban la realidad, era una manipulaci\u00f3n. Yo quiero ser evaluado sobre la reducci\u00f3n de la pobreza en la Argentina\u00bb, se\u00f1al\u00f3.<\/p>\n<p>De todas maneras, se comprometi\u00f3 a que cada seis meses (que es cuando el INDEC informar\u00e1 la pobreza y la indigencia) se eval\u00fae a su Gobierno. \u00abVayamos evaluando cada seis meses y vamos a ver si lo que estamos haciendo es lo correcto, si el rumbo que hemos tomado es el mejor\u00bb, respondi\u00f3 Macri a una pregunta, \u00a0aunque dej\u00f3 sin respuesta en cu\u00e1nto estimaba reducir la pobreza en los a\u00f1os de su gesti\u00f3n.<\/p>\n<p>\u00abMedir cu\u00e1nto va ir bajando la pobreza en un a\u00f1o es muy dif\u00edcil porque ser\u00eda decir con certeza cuanto vamos a crecer y cuanto trabajo va a generar ese crecimiento\u00bb, explic\u00f3 el primer mandatario. Resulta llamativo que el Gobierno no aventure una estimaci\u00f3n de baja de la pobreza habida cuenta que s\u00ed se contempla en el presupuesto el crecimiento del PBI y tambi\u00e9n el de la inversi\u00f3n, instrumentos que justamente son parte de los pilares fundamentales para atacar la pobreza como lo indic\u00f3 Macri.<\/p>\n<p>\u00abMuchos cuestionaban si podr\u00edamos lograrlo y hemos bajado dr\u00e1sticamente la inflaci\u00f3n en el segundo semestre. Todo esto va a generando condiciones para defender el salario de los trabajadores, segundo para generar condiciones para que se cree nuevos empleos a partir de la credibilidad que va generando un gobierno porque cumple las metas que se propone\u00bb, aclar\u00f3 el jefe de Estado.<\/p>\n<p>Macri gobierna un pa\u00eds donde la pobreza afecta a casi 9 millones de personas y comprometerse a reducirla no es un desaf\u00edo muy f\u00e1cil de lograr. Seguramente por esta causa es que apel\u00f3 a que todo lo ayuden: \u00abNosotros plateamos pobreza cero como un camino al cual convocamos a todos los argentinos a ser protagonistas porque claramente esta no puede ser s\u00f3lo la tarea de un gobierno. Es una tarea que debemos encarar a trav\u00e9s de una mesa de dialogo, de trabajo en conjunto, de desarrollo de planes de propuesta, de infraestructura\u00bb.<\/p>\n<p>Sin embargo, y ante una pregunta si est\u00e1 decidido a otorgar un bono a fin de a\u00f1o, o reabrir paritarias como lo pide la CGT, el Presidente evit\u00f3 dar una respuesta concreta, s\u00f3lo record\u00f3 que este jueves \u00abvarios ministros se ver\u00e1n con la CGT\u00bb y agreg\u00f3: \u00abConfiamos en que el camino es dialogar juntos sobre herramientas en el corto plazo como las medidas sociales en los \u00faltimos meses\u00bb. Si bien no descart\u00f3 el tema del bono, \u00abvamos a hablar de esa agenda. Siempre vamos a hablar para estar m\u00e1s cerca de los que m\u00e1s lo necesitan. Este camino naci\u00f3 dif\u00edcil, pero es el camino que nos va a llevar al progreso\u00bb.<\/p>\n<p>Al respecto, en los pasillos de la Rosada no descartan que pueda haber alg\u00fan refuerzo para los planes sociales como asimismo un bono para fin de a\u00f1o, aunque esto depender\u00e1 de las negociaciones con las centrales sindicales. Asimismo, hace rato que varios ministros se encuentran trabajando para tener un \u00abdiciembre en paz\u00bb y en este marco es que no se descarta alguna medidas para paliar la situaci\u00f3n social.<\/p>\n<p>Ante la pregunta si cre\u00eda que parte de su electorado ante el ajuste econ\u00f3mico que se sufre puede haberse arrepentido de haberlo votado, el jefe de Estado se mostr\u00f3 confiado \u00abla mayor\u00eda de los argentinos apost\u00f3 por un cambio es porque sab\u00eda que no \u00edbamos bien\u00bb. \u00abEl nivel de enga\u00f1o y corrupci\u00f3n fue tan grande que nos encontramos con una cuesta mayor para remontar. Estamos convencidos de que tenemos capacidades y llamamos a todos los que quieran invertir en Argentina porque tenemos un futuro por delante\u00bb, indic\u00f3.<\/p>\n<p>Macri no dej\u00f3 sin embargo de recordar que el gobierno de Cristina de Kirchner dej\u00f3 de medir la pobreza. \u00abEl Indec puso la verdad sobre la mesa, ya no habr\u00e1 m\u00e1s manipulaciones ni mentiras\u00bb asever\u00f3 y con iron\u00eda record\u00f3 que \u00abllegamos a escuchar que en Argentina hab\u00eda menos pobres que en Alemania\u00bb, en referencia a la famosa aseveraci\u00f3n de An\u00edbal Fern\u00e1ndez.<\/p>\n<p>En el Gobierno est\u00e1n convencidos que para lograr el objetivo de Pobreza Cero una de las herramientas fundamentales es atacar la inflaci\u00f3n y este objetivo se est\u00e1 cumpliendo, seg\u00fan el oficialismo. La inflaci\u00f3n est\u00e1 bajando y se culminar\u00e1 el a\u00f1o con 1,5% mensual y, conf\u00edan, que la pauta de una inflaci\u00f3n de 12% a 17% para el a\u00f1o que viene ser\u00e1 posible de alcanzar.<\/p>\n<p>Quiz\u00e1 por estos datos a los que suman las inversiones que comenzar\u00edan a desembarcar son los que envalentonan al Gobierno para que el propio Presidente acepte el desaf\u00edo de comprometerse a llegar la inflaci\u00f3n a un digito al final de su mandato y bajar dr\u00e1sticamente la pobreza.<\/p>\n","protected":false},"excerpt":{"rendered":"<p>\u00abNos duele y nos da bronca que uno de cada tres argentinos sea pobre\u00bb, dijo el Presidente. Cuando en el Gobierno se conoci\u00f3 que en la Argentina el 32,2% eran pobres se decidi\u00f3 que esta mala noticia lejos de esconderla hab\u00eda que ponerla en el centro de la escena. Por esta raz\u00f3n, el propio Mauricio [&hellip;]<\/p>\n","protected":false},"author":1,"featured_media":4543,"comment_status":"closed","ping_status":"open","sticky":false,"template":"","format":"standard","meta":{"footnotes":""},"categories":[49,30,48],"tags":[],"class_list":{"0":"post-4542","1":"post","2":"type-post","3":"status-publish","4":"format-standard","5":"has-post-thumbnail","7":"category-economia-y-gremiales","8":"category-nacion","9":"category-politica-argentina"},"aioseo_notices":[],"_links":{"self":[{"href":"https:\/\/guiadenoticias.com.ar\/diario\/wp-json\/wp\/v2\/posts\/4542","targetHints":{"allow":["GET"]}}],"collection":[{"href":"https:\/\/guiadenoticias.com.ar\/diario\/wp-json\/wp\/v2\/posts"}],"about":[{"href":"https:\/\/guiadenoticias.com.ar\/diario\/wp-json\/wp\/v2\/types\/post"}],"author":[{"embeddable":true,"href":"https:\/\/guiadenoticias.com.ar\/diario\/wp-json\/wp\/v2\/users\/1"}],"replies":[{"embeddable":true,"href":"https:\/\/guiadenoticias.com.ar\/diario\/wp-json\/wp\/v2\/comments?post=4542"}],"version-history":[{"count":3,"href":"https:\/\/guiadenoticias.com.ar\/diario\/wp-json\/wp\/v2\/posts\/4542\/revisions"}],"predecessor-version":[{"id":4546,"href":"https:\/\/guiadenoticias.com.ar\/diario\/wp-json\/wp\/v2\/posts\/4542\/revisions\/4546"}],"wp:featuredmedia":[{"embeddable":true,"href":"https:\/\/guiadenoticias.com.ar\/diario\/wp-json\/wp\/v2\/media\/4543"}],"wp:attachment":[{"href":"https:\/\/guiadenoticias.com.ar\/diario\/wp-json\/wp\/v2\/media?parent=4542"}],"wp:term":[{"taxonomy":"category","embeddable":true,"href":"https:\/\/guiadenoticias.com.ar\/diario\/wp-json\/wp\/v2\/categories?post=4542"},{"taxonomy":"post_tag","embeddable":true,"href":"https:\/\/guiadenoticias.com.ar\/diario\/wp-json\/wp\/v2\/tags?post=4542"}],"curies":[{"name":"wp","href":"https:\/\/api.w.org\/{rel}","templated":true}]}}