{"id":4562,"date":"2016-09-29T20:26:28","date_gmt":"2016-09-29T23:26:28","guid":{"rendered":"http:\/\/guiadenoticias.com.ar\/diario\/?p=4562"},"modified":"2016-09-29T21:30:23","modified_gmt":"2016-09-30T00:30:23","slug":"la-cgt-dejo-en-suspenso-el-paro-luego-de-reunion-con-el-gobierno","status":"publish","type":"post","link":"https:\/\/guiadenoticias.com.ar\/diario\/la-cgt-dejo-en-suspenso-el-paro-luego-de-reunion-con-el-gobierno\/","title":{"rendered":"La CGT esperar\u00e1 respuesta del Gobierno para definir el paro"},"content":{"rendered":"<p>\u00abNo hay una tregua\u00bb, declar\u00f3 H\u00e9ctor Daer despu\u00e9s de haberse reunido con funcionarios del gobierno nacional. Pero lo que se resolvi\u00f3 se parece mucho a ello. Es que la conducci\u00f3n de la CGT puso en suspenso la huelga anunciada a la espera de que el Poder Ejecutivo analice y conteste los reclamos planteados.<\/p>\n<p>Seg\u00fan especific\u00f3 uno de los conductores de la confederaci\u00f3n gremial, entre los pedidos del sindicalismo se encuentra un pago especial para jubilados, m\u00e1s fondos para atender cuestiones sociales, una compensaci\u00f3n extraordinaria por el aumento del costo de vida y exenci\u00f3n de Ganancias del medio aguinaldo de diciembre.<\/p>\n<p>De acuerdo con las palabras de Daer, los ministros Alfonso Prat-Gay (Hacienda) y Jorge Triaca (Trabajo) se comprometieron a dar una respuesta dentro de los pr\u00f3ximos diez d\u00edas. Durante ese lapso, se suceder\u00e1n nuevas reuniones de equipos t\u00e9cnicos para buscar un punto de entendimiento.<\/p>\n<p>\u00abEl Gobierno entendi\u00f3 que debe tener una pol\u00edtica adecuada hacia el futuro, hacia la coyuntura que vivimos. M\u00e1s que promesas, es coincidir en la decisi\u00f3n de encontrar salidas a estos reclamos que realizamos\u00bb, resumi\u00f3 Daer luego del c\u00f3nclave con los funcionarios macristas.<\/p>\n<p>En una improvisada rueda de prensa, el sindicalista apunt\u00f3 que \u00abel Gobierno le tendr\u00e1 que trasladar las peticiones a los empresarios, porque ellos son parte\u00bb de la coyuntura. \u00abEl paro es un instrumento que no se puede tomar como amenaza, pero la decisi\u00f3n vendr\u00e1 despu\u00e9s, con la confirmaci\u00f3n y los resultados\u00bb, finaliz\u00f3.<\/p>\n","protected":false},"excerpt":{"rendered":"<p>\u00abNo hay una tregua\u00bb, declar\u00f3 H\u00e9ctor Daer despu\u00e9s de haberse reunido con funcionarios del gobierno nacional. Pero lo que se resolvi\u00f3 se parece mucho a ello. Es que la conducci\u00f3n de la CGT puso en suspenso la huelga anunciada a la espera de que el Poder Ejecutivo analice y conteste los reclamos planteados. Seg\u00fan especific\u00f3 [&hellip;]<\/p>\n","protected":false},"author":1,"featured_media":4576,"comment_status":"closed","ping_status":"open","sticky":false,"template":"","format":"standard","meta":{"footnotes":""},"categories":[49,30,48],"tags":[],"class_list":{"0":"post-4562","1":"post","2":"type-post","3":"status-publish","4":"format-standard","5":"has-post-thumbnail","7":"category-economia-y-gremiales","8":"category-nacion","9":"category-politica-argentina"},"aioseo_notices":[],"_links":{"self":[{"href":"https:\/\/guiadenoticias.com.ar\/diario\/wp-json\/wp\/v2\/posts\/4562","targetHints":{"allow":["GET"]}}],"collection":[{"href":"https:\/\/guiadenoticias.com.ar\/diario\/wp-json\/wp\/v2\/posts"}],"about":[{"href":"https:\/\/guiadenoticias.com.ar\/diario\/wp-json\/wp\/v2\/types\/post"}],"author":[{"embeddable":true,"href":"https:\/\/guiadenoticias.com.ar\/diario\/wp-json\/wp\/v2\/users\/1"}],"replies":[{"embeddable":true,"href":"https:\/\/guiadenoticias.com.ar\/diario\/wp-json\/wp\/v2\/comments?post=4562"}],"version-history":[{"count":4,"href":"https:\/\/guiadenoticias.com.ar\/diario\/wp-json\/wp\/v2\/posts\/4562\/revisions"}],"predecessor-version":[{"id":4567,"href":"https:\/\/guiadenoticias.com.ar\/diario\/wp-json\/wp\/v2\/posts\/4562\/revisions\/4567"}],"wp:featuredmedia":[{"embeddable":true,"href":"https:\/\/guiadenoticias.com.ar\/diario\/wp-json\/wp\/v2\/media\/4576"}],"wp:attachment":[{"href":"https:\/\/guiadenoticias.com.ar\/diario\/wp-json\/wp\/v2\/media?parent=4562"}],"wp:term":[{"taxonomy":"category","embeddable":true,"href":"https:\/\/guiadenoticias.com.ar\/diario\/wp-json\/wp\/v2\/categories?post=4562"},{"taxonomy":"post_tag","embeddable":true,"href":"https:\/\/guiadenoticias.com.ar\/diario\/wp-json\/wp\/v2\/tags?post=4562"}],"curies":[{"name":"wp","href":"https:\/\/api.w.org\/{rel}","templated":true}]}}