{"id":4748,"date":"2016-10-10T21:20:54","date_gmt":"2016-10-11T00:20:54","guid":{"rendered":"http:\/\/guiadenoticias.com.ar\/diario\/?p=4748"},"modified":"2016-10-10T21:21:14","modified_gmt":"2016-10-11T00:21:14","slug":"la-cc-ari-inauguro-local-en-tres-de-febrero","status":"publish","type":"post","link":"https:\/\/guiadenoticias.com.ar\/diario\/la-cc-ari-inauguro-local-en-tres-de-febrero\/","title":{"rendered":"La CC Ari inaugur\u00f3 local en Tres de Febrero"},"content":{"rendered":"<p>La Coalici\u00f3n C\u00edvica ARI Tres de Febrero abri\u00f3 su local partidario en Santos Lugares. Actividad que cont\u00f3 con las presencias del intendente Diego Valenzuela y el referente del Movimiento Social por la Rep\u00fablica, H\u00e9ctor \u201cToty\u201d Flores.<\/p>\n<p>Seg\u00fan explicaron en una gacetilla de prensa, la apertura de este nuevo espacio es \u201ccon el objetivo de seguir difundiendo los ideales de Elisa Carri\u00f3, consolidar el Frente Cambiemos en el distrito y mantener el contacto directo con los vecinos\u201d, y agrega que \u201cel lugar tendr\u00e1 a la honestidad, la \u00e9tica, el trabajo, la solidaridad y la responsabilidad como banderas a seguir, caracter\u00edsticas del partido nacional que est\u00e1 cumpliendo sus primeros 15 a\u00f1os\u201d.<\/p>\n<p>El presidente de la CC ARI a nivel local, Bruno Bertolotti, y el consejero escolar y vicepresidente, V\u00edctor Albarrac\u00edn, oficiaron de anfitriones. Bertolotti afirm\u00f3: \u201cApoyamos a Lilita y a Diego Valenzuela\u201d. Por su lado, Albarrac\u00edn declar\u00f3 que \u201csiempre quisimos estar en Santos Lugares, porque es una de las zonas que m\u00e1s hemos militado\u201d.<\/p>\n<p>Asimismo, el jefe comunal de Tres de Febrero se\u00f1al\u00f3: \u201cTrabajamos en conjunto con la Coalici\u00f3n C\u00edvica desde hace un a\u00f1o y medio con el objetivo de mejorarle el distrito, y sabemos que este local ser\u00e1 un faro para que los vecinos puedan informarse sobre todo lo que estamos haciendo\u201d. Valenzuela concluy\u00f3, \u201cquiero que sepan que desde su lugar Elisa Carri\u00f3 es una referente para todo Cambiemos, ya que con su aporte nos ayuda a tener un mejor gobierno\u201d.<\/p>\n<p>Particip\u00f3 tambi\u00e9n del evento el secretario partidario de Formaci\u00f3n Pol\u00edtica, Nicol\u00e1s Souto, y dirigentes de San Mart\u00edn, Vicente L\u00f3pez, Ituzaing\u00f3 y Avellaneda.<\/p>\n","protected":false},"excerpt":{"rendered":"<p>La Coalici\u00f3n C\u00edvica ARI Tres de Febrero abri\u00f3 su local partidario en Santos Lugares. Actividad que cont\u00f3 con las presencias del intendente Diego Valenzuela y el referente del Movimiento Social por la Rep\u00fablica, H\u00e9ctor \u201cToty\u201d Flores. Seg\u00fan explicaron en una gacetilla de prensa, la apertura de este nuevo espacio es \u201ccon el objetivo de seguir [&hellip;]<\/p>\n","protected":false},"author":1,"featured_media":4749,"comment_status":"closed","ping_status":"open","sticky":false,"template":"","format":"standard","meta":{"footnotes":""},"categories":[20,48,26],"tags":[],"class_list":{"0":"post-4748","1":"post","2":"type-post","3":"status-publish","4":"format-standard","5":"has-post-thumbnail","7":"category-municipios","8":"category-politica-argentina","9":"category-tres-de-febrero"},"aioseo_notices":[],"_links":{"self":[{"href":"https:\/\/guiadenoticias.com.ar\/diario\/wp-json\/wp\/v2\/posts\/4748","targetHints":{"allow":["GET"]}}],"collection":[{"href":"https:\/\/guiadenoticias.com.ar\/diario\/wp-json\/wp\/v2\/posts"}],"about":[{"href":"https:\/\/guiadenoticias.com.ar\/diario\/wp-json\/wp\/v2\/types\/post"}],"author":[{"embeddable":true,"href":"https:\/\/guiadenoticias.com.ar\/diario\/wp-json\/wp\/v2\/users\/1"}],"replies":[{"embeddable":true,"href":"https:\/\/guiadenoticias.com.ar\/diario\/wp-json\/wp\/v2\/comments?post=4748"}],"version-history":[{"count":1,"href":"https:\/\/guiadenoticias.com.ar\/diario\/wp-json\/wp\/v2\/posts\/4748\/revisions"}],"predecessor-version":[{"id":4750,"href":"https:\/\/guiadenoticias.com.ar\/diario\/wp-json\/wp\/v2\/posts\/4748\/revisions\/4750"}],"wp:featuredmedia":[{"embeddable":true,"href":"https:\/\/guiadenoticias.com.ar\/diario\/wp-json\/wp\/v2\/media\/4749"}],"wp:attachment":[{"href":"https:\/\/guiadenoticias.com.ar\/diario\/wp-json\/wp\/v2\/media?parent=4748"}],"wp:term":[{"taxonomy":"category","embeddable":true,"href":"https:\/\/guiadenoticias.com.ar\/diario\/wp-json\/wp\/v2\/categories?post=4748"},{"taxonomy":"post_tag","embeddable":true,"href":"https:\/\/guiadenoticias.com.ar\/diario\/wp-json\/wp\/v2\/tags?post=4748"}],"curies":[{"name":"wp","href":"https:\/\/api.w.org\/{rel}","templated":true}]}}