{"id":4754,"date":"2016-10-11T01:18:57","date_gmt":"2016-10-11T04:18:57","guid":{"rendered":"http:\/\/guiadenoticias.com.ar\/diario\/?p=4754"},"modified":"2016-10-11T01:29:29","modified_gmt":"2016-10-11T04:29:29","slug":"juarez-no-vamos-a-rifar-nuestra-identidad-y-nuestro-pensamiento","status":"publish","type":"post","link":"https:\/\/guiadenoticias.com.ar\/diario\/juarez-no-vamos-a-rifar-nuestra-identidad-y-nuestro-pensamiento\/","title":{"rendered":"Ju\u00e1rez: \u201cNo vamos a rifar nuestra identidad y nuestro pensamiento\u201d"},"content":{"rendered":"<p>Juan Carlos Ju\u00e1rez, director del IPS y secretario nacional del GEN, recibi\u00f3 a Gu\u00eda de Noticias en su oficina de La Plata. Ladero de Margarita Stolbizer, tiene una agenda cargada de actividades, muchas de ellas relacionadas con la presentaci\u00f3n del libro de la diputada, \u201cYo acuso\u201d.<\/p>\n<p>\u201cHay un amplio mosaico social que ve en Margarita una figura que a partir de su seriedad, de su responsabilidad, de su coherencia, un reconocimiento. La gente le devuelve, digamos, con gratitud, todo lo que ella viene haciendo\u201d, consider\u00f3 el ex legislador bonaerense.<\/p>\n<p><strong>\u00bfCree que la cuesti\u00f3n transparencia hoy convoca m\u00e1s a la sociedad o piensa que Stolbizer est\u00e1 en un pico de popularidad?<\/strong><\/p>\n<p>El tema de la corrupci\u00f3n la gente lo relaciona con la p\u00e9rdida de oportunidades para tener una mejor educaci\u00f3n, seguridad, vivienda, obras de infraestructura social, entonces esa toma de conocimiento, de resolver el problema de la corrupci\u00f3n para resolver los problemas cotidianos, hace que la gente hoy la tenga a Margarita en un nivel de reconocimiento, de preponderancia social muy importante.\u00a0(\u2026) Eso solo no te asegura a vos tener una alta imagen positiva, ganar una elecci\u00f3n.<\/p>\n<p><strong>\u00bfSe puede decir que el GEN est\u00e1 encaminado en un acuerdo electoral o es un tiempo de di\u00e1logo?<\/strong><\/p>\n<p>En la provincia de Buenos Aires, donde gobern\u00f3 el peronismo durante 28 a\u00f1os y hoy viene una nueva gesti\u00f3n encabezada por Mar\u00eda Eugenia Vidal, lo que nosotros, y Margarita particularmente, le damos una acci\u00f3n de cooperaci\u00f3n con este gobierno, para se\u00f1alarle las dificultades, tener alg\u00fan tipo de resguardo con algunas cuestiones, tema seguridad, narcotr\u00e1fico, corrupci\u00f3n; y por otro lado hacemos nuestro aportes para que este gobierno se consolide. Adem\u00e1s, para asegurar que la Provincia pueda tener alternancia y no quede la idea que s\u00f3lo puede gobernar el peronismo.<\/p>\n<p>En al \u00e1mbito nacional hemos logrado una coincidencia con el FR y Sergio Massa, en una agenda legislativa. Lo social, lo econ\u00f3mico, la transparencia, g\u00e9nero, todas esas cosas hacen que tengamos la coincidencia. Pero hay otros temas en que nosotros no coincidimos, como la ley de derribo.<\/p>\n<p>(\u2026) Me parece que por marzo o abril de 2017 vamos a estar definiendo un acuerdo pol\u00edtico. Nosotros mantenemos nuestra vocaci\u00f3n frentista, con Libres del Sur, con el socialismo. Pero sabemos que eso solo no alcanza para la construcci\u00f3n de un eje de poder que solucione los problemas de la Argentina.<\/p>\n<p><strong>En esta vocaci\u00f3n de ampliar el frente, \u00bfno existe el riesgo que se fracture la relaci\u00f3n con alguno de los actuales socios pol\u00edticos, por ejemplo con el PS?<\/strong><\/p>\n<p>Hay que tener una visi\u00f3n de c\u00f3mo es la elecci\u00f3n de 2017. Que es una elecci\u00f3n provincia por provincia. El acuerdo que se d\u00e9 en Buenos Aires quiz\u00e1 no se de en Entre R\u00edos, por el hecho de que cada provincia tiene una realidad partidaria, pol\u00edtica y social. Eso va a jugar en que los acuerdos van a ser por regi\u00f3n.<\/p>\n<p><strong>En la Provincia, el socialismo bonaerense ya dijo que con Massa no tiene nada que ver&#8230;<\/strong><\/p>\n<p>Y bueno, ser\u00e1 una decisi\u00f3n que ellos tomen cuando llegue el momento, en marzo-abril. Nosotros en la provincia de Buenos Aires queremos construir un eje pol\u00edtico electoral fuerte, para ayudar a resolver los problemas que tiene la provincia. Hay que buscar con qui\u00e9nes ten\u00e9s mayores coincidencias en lo program\u00e1tico.<\/p>\n<p><strong>Tomando en cuenta las fotos pol\u00edticas recientes, \u00bfest\u00e1n igual de cerca en las conversaciones con el FR que con Cambiemos?<\/strong><\/p>\n<p>Esas conversaciones son distintas. Con Cambiemos y Mar\u00eda Eugenia Vidal son conversaciones de la agenda de la gesti\u00f3n cotidiana. Y con el otro espacio son de tipo legislativo, en el \u00e1mbito de la legislatura nacional, y obviamente, tambi\u00e9n conversaciones de tipo pol\u00edtico.<\/p>\n<p>Hay que tener en claro esto, me parece que algunos se confunden: a Margarita no la va a tironear nadie ni nadie la va a llevar para alg\u00fan lugar. La decisi\u00f3n que tomemos como GEN, ser\u00e1 discutida dentro del partido, donde obviamente la opini\u00f3n de Margarita juega un papel central; va a estar dada en funci\u00f3n de propuestas, de proyecto, de territorialidad. No vamos a rifar nuestra identidad y nuestro pensamiento.<\/p>\n<p><strong>\u00bfHay riesgo de representaci\u00f3n legislativa si no hacen una buena elecci\u00f3n el a\u00f1o que viene?<\/strong><\/p>\n<p>Creo que nosotros tenemos hoy, si fu\u00e9ramos solos, un escenario que nos permite cierto nivel de territorialidad, en un frente m\u00e1s grande quiz\u00e1 nos permita acceder a lugares que hoy no tenemos. De todos modos, me parece que en un tiempo de pr\u00e1cticamente 8 meses cuando se decida esto, van a pasar muchas cosas. Lo que nosotros estamos convencidos, y eso lo hemos discutido en el partido no s\u00f3lo a nivel provincial sino nacional, es desarrollar una tarea de visibilidad, de identidad, y que esa identidad del partido GEN est\u00e1 ensamblada inexorablemente con la figura de Margarita Stolbizer.<\/p>\n","protected":false},"excerpt":{"rendered":"<p>Juan Carlos Ju\u00e1rez, director del IPS y secretario nacional del GEN, recibi\u00f3 a Gu\u00eda de Noticias en su oficina de La Plata. Ladero de Margarita Stolbizer, tiene una agenda cargada de actividades, muchas de ellas relacionadas con la presentaci\u00f3n del libro de la diputada, \u201cYo acuso\u201d. \u201cHay un amplio mosaico social que ve en Margarita [&hellip;]<\/p>\n","protected":false},"author":1,"featured_media":4755,"comment_status":"closed","ping_status":"open","sticky":false,"template":"","format":"standard","meta":{"footnotes":""},"categories":[48,31],"tags":[],"class_list":{"0":"post-4754","1":"post","2":"type-post","3":"status-publish","4":"format-standard","5":"has-post-thumbnail","7":"category-politica-argentina","8":"category-provincia"},"aioseo_notices":[],"_links":{"self":[{"href":"https:\/\/guiadenoticias.com.ar\/diario\/wp-json\/wp\/v2\/posts\/4754","targetHints":{"allow":["GET"]}}],"collection":[{"href":"https:\/\/guiadenoticias.com.ar\/diario\/wp-json\/wp\/v2\/posts"}],"about":[{"href":"https:\/\/guiadenoticias.com.ar\/diario\/wp-json\/wp\/v2\/types\/post"}],"author":[{"embeddable":true,"href":"https:\/\/guiadenoticias.com.ar\/diario\/wp-json\/wp\/v2\/users\/1"}],"replies":[{"embeddable":true,"href":"https:\/\/guiadenoticias.com.ar\/diario\/wp-json\/wp\/v2\/comments?post=4754"}],"version-history":[{"count":5,"href":"https:\/\/guiadenoticias.com.ar\/diario\/wp-json\/wp\/v2\/posts\/4754\/revisions"}],"predecessor-version":[{"id":4760,"href":"https:\/\/guiadenoticias.com.ar\/diario\/wp-json\/wp\/v2\/posts\/4754\/revisions\/4760"}],"wp:featuredmedia":[{"embeddable":true,"href":"https:\/\/guiadenoticias.com.ar\/diario\/wp-json\/wp\/v2\/media\/4755"}],"wp:attachment":[{"href":"https:\/\/guiadenoticias.com.ar\/diario\/wp-json\/wp\/v2\/media?parent=4754"}],"wp:term":[{"taxonomy":"category","embeddable":true,"href":"https:\/\/guiadenoticias.com.ar\/diario\/wp-json\/wp\/v2\/categories?post=4754"},{"taxonomy":"post_tag","embeddable":true,"href":"https:\/\/guiadenoticias.com.ar\/diario\/wp-json\/wp\/v2\/tags?post=4754"}],"curies":[{"name":"wp","href":"https:\/\/api.w.org\/{rel}","templated":true}]}}