{"id":4764,"date":"2016-10-12T01:22:45","date_gmt":"2016-10-12T04:22:45","guid":{"rendered":"http:\/\/guiadenoticias.com.ar\/diario\/?p=4764"},"modified":"2016-10-12T01:22:58","modified_gmt":"2016-10-12T04:22:58","slug":"andreotti-visito-la-nueva-fiscalia-de-drogas-ilicitas","status":"publish","type":"post","link":"https:\/\/guiadenoticias.com.ar\/diario\/andreotti-visito-la-nueva-fiscalia-de-drogas-ilicitas\/","title":{"rendered":"Andreotti visit\u00f3 la nueva Fiscal\u00eda de Drogas Il\u00edcitas"},"content":{"rendered":"<p>El municipio de San Fernando firm\u00f3 un convenio con la empresa \u201cCiudad de San Fernando\u201d \u00a0a partir del cual se construy\u00f3 una nueva Fiscal\u00eda de Investigaciones de Drogas Il\u00edcitas para el distrito. La dependencia, ubicada en los l\u00edmites de los barrios Villa Hall, Don Mariano y Amor y Coraz\u00f3n, contar\u00e1 con una Delegaci\u00f3n Distrital Antinarc\u00f3ticos (DDA) de la Polic\u00eda Bonaerense, para acelerar el tratamiento de las denuncias y causas judiciales.<\/p>\n<p>El intendente Luis Andreotti recorri\u00f3 el flamante establecimiento junto al presidente de Ciudad de San Fernando, Gerardo Sampietro, quien le entreg\u00f3 simb\u00f3licamente las llaves. Los acompa\u00f1aron, entre otros, el titular del Concejo Deliberante, Santiago Aparicio; los secretarios de Medio Ambiente y Salud P\u00fablica, Alicia Aparicio, y de Servicios y Espacios P\u00fablicos, Mart\u00edn Galera; y el subsecretario de Gobierno, Luis Fleitas.<\/p>\n<p>\u201cHemos terminado el edificio, agradeciendo a la 710, que es una l\u00ednea de colectivos con m\u00e1s de 100 a\u00f1os en el distrito; para nosotros es muy importante tener esta dependencia, con el objetivo que sea una fiscal\u00eda en la que se puedan recibir denuncias sobre delitos de droga en una zona importante en donde se est\u00e1 trabajando mucho\u201d, indic\u00f3 Andreotti.<\/p>\n<p>Por otro lado, se\u00f1al\u00f3, \u201chay que terminar de hablar con la fiscal General porque se hab\u00edan consensuado las designaciones para esta dependencia en el pasado, cuando ten\u00edamos otra persona en el cargo y otro jefe de Polic\u00eda; ahora estamos dialogando para que acepte trabajar ac\u00e1 al igual que la polic\u00eda, y as\u00ed vamos a brindar un servicio a la poblaci\u00f3n muy importante\u201d.<\/p>\n<p>Andreotti asegur\u00f3: \u201cTeniendo la fiscal\u00eda y en la segunda planta la divisi\u00f3n anti narc\u00f3ticos se va a acelerar todo lo que tiene que ver con las causas\u201d. A\u00f1adi\u00f3 que \u201cquisimos acercar esta fiscal\u00eda de la misma manera que hizo Sergio Massa en Tigre, para brindar este servicio y llevarle tranquilidad a la poblaci\u00f3n\u201d.<\/p>\n<p>Gerardo Sampietro se refiri\u00f3 al convenio a trav\u00e9s del cual se concret\u00f3 la construcci\u00f3n del edificio: \u201cFue un acuerdo con la licitaci\u00f3n de la L\u00ednea 710 en el municipio. Estamos muy agradecidos y la empresa tom\u00f3 la forma de hacer la donaci\u00f3n y se not\u00f3 lo bien que se hicieron las cosas. Por eso hoy entregamos la obra terminada\u201d.<\/p>\n","protected":false},"excerpt":{"rendered":"<p>El municipio de San Fernando firm\u00f3 un convenio con la empresa \u201cCiudad de San Fernando\u201d \u00a0a partir del cual se construy\u00f3 una nueva Fiscal\u00eda de Investigaciones de Drogas Il\u00edcitas para el distrito. La dependencia, ubicada en los l\u00edmites de los barrios Villa Hall, Don Mariano y Amor y Coraz\u00f3n, contar\u00e1 con una Delegaci\u00f3n Distrital Antinarc\u00f3ticos [&hellip;]<\/p>\n","protected":false},"author":1,"featured_media":4765,"comment_status":"closed","ping_status":"open","sticky":false,"template":"","format":"standard","meta":{"footnotes":""},"categories":[20,22],"tags":[],"class_list":{"0":"post-4764","1":"post","2":"type-post","3":"status-publish","4":"format-standard","5":"has-post-thumbnail","7":"category-municipios","8":"category-san-fernando"},"aioseo_notices":[],"_links":{"self":[{"href":"https:\/\/guiadenoticias.com.ar\/diario\/wp-json\/wp\/v2\/posts\/4764","targetHints":{"allow":["GET"]}}],"collection":[{"href":"https:\/\/guiadenoticias.com.ar\/diario\/wp-json\/wp\/v2\/posts"}],"about":[{"href":"https:\/\/guiadenoticias.com.ar\/diario\/wp-json\/wp\/v2\/types\/post"}],"author":[{"embeddable":true,"href":"https:\/\/guiadenoticias.com.ar\/diario\/wp-json\/wp\/v2\/users\/1"}],"replies":[{"embeddable":true,"href":"https:\/\/guiadenoticias.com.ar\/diario\/wp-json\/wp\/v2\/comments?post=4764"}],"version-history":[{"count":1,"href":"https:\/\/guiadenoticias.com.ar\/diario\/wp-json\/wp\/v2\/posts\/4764\/revisions"}],"predecessor-version":[{"id":4766,"href":"https:\/\/guiadenoticias.com.ar\/diario\/wp-json\/wp\/v2\/posts\/4764\/revisions\/4766"}],"wp:featuredmedia":[{"embeddable":true,"href":"https:\/\/guiadenoticias.com.ar\/diario\/wp-json\/wp\/v2\/media\/4765"}],"wp:attachment":[{"href":"https:\/\/guiadenoticias.com.ar\/diario\/wp-json\/wp\/v2\/media?parent=4764"}],"wp:term":[{"taxonomy":"category","embeddable":true,"href":"https:\/\/guiadenoticias.com.ar\/diario\/wp-json\/wp\/v2\/categories?post=4764"},{"taxonomy":"post_tag","embeddable":true,"href":"https:\/\/guiadenoticias.com.ar\/diario\/wp-json\/wp\/v2\/tags?post=4764"}],"curies":[{"name":"wp","href":"https:\/\/api.w.org\/{rel}","templated":true}]}}