{"id":4771,"date":"2016-10-12T01:57:19","date_gmt":"2016-10-12T04:57:19","guid":{"rendered":"http:\/\/guiadenoticias.com.ar\/diario\/?p=4771"},"modified":"2016-10-12T01:58:39","modified_gmt":"2016-10-12T04:58:39","slug":"gelay-se-reunio-otra-vez-con-los-vecinos-de-barrio-san-isidro","status":"publish","type":"post","link":"https:\/\/guiadenoticias.com.ar\/diario\/gelay-se-reunio-otra-vez-con-los-vecinos-de-barrio-san-isidro\/","title":{"rendered":"Gelay se reuni\u00f3 otra vez con vecinos de Barrio San Isidro"},"content":{"rendered":"<p>El concejal sanisidrense Federico Gelay visit\u00f3 por segunda vez el barrio San Isidro, de la localidad de Boulogne, invitado por vecinos autoconvocados que vienen reclamando por la inseguridad en la zona. \u00abSe desmorona el relato del San Isidro distinto, el abandono y la inseguridad son incumplimiento de los deberes de la funci\u00f3n p\u00fablica\u00bb, expres\u00f3.<\/p>\n<p>\u00abEl barrio tiene 1548 departamentos y 48 locales comerciales, es barrio de familias trabajadoras que se ven abandonadas por el Estado provincial y municipal en la seguridad\u201d, se\u00f1al\u00f3 el edil, y revel\u00f3 que \u201calgunos vecinos tiene detectados 40 puntos de comercializaci\u00f3n de drogas\u201d.<\/p>\n<p>\u201cSalir a trabajar y esperar el colectivo es una aventura donde uno puede perder como m\u00ednimo el celular y la billetera. Los patrulleros entran poco o nada y el barrido municipal es inexistente. \u00a0\u00a0Deficiente luminaria publica empeora la situaci\u00f3n de los vecinos v\u00edctimas de delincuentes\u00bb, agreg\u00f3 Gelay.<\/p>\n<p>Asimismo, se\u00f1al\u00f3 que \u00abexiste un abandono estructural de 3 escuelas, las primarias 24 y 28 y la secundaria media 20. El intendente Posse inici\u00f3 un cerco de herrer\u00eda perimetral \u00a0en las elecciones pasadas, pero s\u00f3lo se cumpli\u00f3 con el 50% de la obra\u00bb.<\/p>\n","protected":false},"excerpt":{"rendered":"<p>El concejal sanisidrense Federico Gelay visit\u00f3 por segunda vez el barrio San Isidro, de la localidad de Boulogne, invitado por vecinos autoconvocados que vienen reclamando por la inseguridad en la zona. \u00abSe desmorona el relato del San Isidro distinto, el abandono y la inseguridad son incumplimiento de los deberes de la funci\u00f3n p\u00fablica\u00bb, expres\u00f3. \u00abEl [&hellip;]<\/p>\n","protected":false},"author":1,"featured_media":4772,"comment_status":"closed","ping_status":"open","sticky":false,"template":"","format":"standard","meta":{"footnotes":""},"categories":[20,21],"tags":[],"class_list":{"0":"post-4771","1":"post","2":"type-post","3":"status-publish","4":"format-standard","5":"has-post-thumbnail","7":"category-municipios","8":"category-san-isidro"},"aioseo_notices":[],"_links":{"self":[{"href":"https:\/\/guiadenoticias.com.ar\/diario\/wp-json\/wp\/v2\/posts\/4771","targetHints":{"allow":["GET"]}}],"collection":[{"href":"https:\/\/guiadenoticias.com.ar\/diario\/wp-json\/wp\/v2\/posts"}],"about":[{"href":"https:\/\/guiadenoticias.com.ar\/diario\/wp-json\/wp\/v2\/types\/post"}],"author":[{"embeddable":true,"href":"https:\/\/guiadenoticias.com.ar\/diario\/wp-json\/wp\/v2\/users\/1"}],"replies":[{"embeddable":true,"href":"https:\/\/guiadenoticias.com.ar\/diario\/wp-json\/wp\/v2\/comments?post=4771"}],"version-history":[{"count":2,"href":"https:\/\/guiadenoticias.com.ar\/diario\/wp-json\/wp\/v2\/posts\/4771\/revisions"}],"predecessor-version":[{"id":4774,"href":"https:\/\/guiadenoticias.com.ar\/diario\/wp-json\/wp\/v2\/posts\/4771\/revisions\/4774"}],"wp:featuredmedia":[{"embeddable":true,"href":"https:\/\/guiadenoticias.com.ar\/diario\/wp-json\/wp\/v2\/media\/4772"}],"wp:attachment":[{"href":"https:\/\/guiadenoticias.com.ar\/diario\/wp-json\/wp\/v2\/media?parent=4771"}],"wp:term":[{"taxonomy":"category","embeddable":true,"href":"https:\/\/guiadenoticias.com.ar\/diario\/wp-json\/wp\/v2\/categories?post=4771"},{"taxonomy":"post_tag","embeddable":true,"href":"https:\/\/guiadenoticias.com.ar\/diario\/wp-json\/wp\/v2\/tags?post=4771"}],"curies":[{"name":"wp","href":"https:\/\/api.w.org\/{rel}","templated":true}]}}