{"id":4787,"date":"2016-10-13T02:01:53","date_gmt":"2016-10-13T05:01:53","guid":{"rendered":"http:\/\/guiadenoticias.com.ar\/diario\/?p=4787"},"modified":"2016-10-13T02:02:12","modified_gmt":"2016-10-13T05:02:12","slug":"gestiones-para-evitar-el-paro-y-riesgo-de-quiebre-gremial","status":"publish","type":"post","link":"https:\/\/guiadenoticias.com.ar\/diario\/gestiones-para-evitar-el-paro-y-riesgo-de-quiebre-gremial\/","title":{"rendered":"Gestiones para evitar el paro y riesgo de quiebre gremial"},"content":{"rendered":"<p>Funcionarios nacionales y los jefes de la CGT se reunieron bajo un total hermetismo en un encuentro que dur\u00f3 cerca de 5 horas. Jugando al misterio a primera ma\u00f1ana, incluido un cambio de sede, el Gobierno y los gremialistas realizaron un c\u00f3nclave a puertas cerradas. Hubo avances con temas como la eximici\u00f3n del aguinaldo del pago de Ganancias y un bono para jubilados y beneficiarios de la Asignaci\u00f3n Universal por Hijo, aunque siguen discutiendo ese plus en el sector privado.<\/p>\n<p>El referente de la conducci\u00f3n de la CGT, H\u00e9ctor Daer, destac\u00f3 que se encontr\u00f3 \u00abconsenso\u00bb en varios puntos de la agenda de reclamos al Gobierno y por el momento no se convocar\u00e1 a un paro nacional.<\/p>\n<p>\u00abFueron cuatro horas de reuni\u00f3n con el ministro de Trabajo y hemos abordado los temas que hab\u00edamos propuesto y generado consenso en algunos de esos temas que ser\u00e1n anunciados en la Casa Rosada, respecto a los jubilados, la asignaci\u00f3n universal por hijo y el tema Ganancias\u00bb, anunci\u00f3 Daer tras el encuentro en la sede del gremio de la Sanidad.<\/p>\n<p>Pero, adem\u00e1s, el sindicalista destac\u00f3 como principal logro la convocatoria para el pr\u00f3ximo mi\u00e9rcoles a \u00absectores empresariales\u00bb a los efectos de \u00ababordar una suma para el sector privado\u00bb porque -seg\u00fan dijo- \u00abel sector p\u00fablico ya est\u00e1 avanzando en esas negociaciones\u00bb para un bono de fin de a\u00f1o.<\/p>\n<p>\u00abEl paro no est\u00e1 descartado, pero se encauzaron parte de los reclamos. Falta ahora lo sustantivo que es este dialogo con privados\u00bb, se\u00f1al\u00f3 por su parte Carlos Schmidt.<\/p>\n<p>Respecto al bono de fin de a\u00f1o, Daer explic\u00f3 que se contin\u00faa negociando con el Gobierno \u00abpara establecer un piso para que desde all\u00ed cada sindicato discuta su instrumentaci\u00f3n y si puede superar ese monto\u00bb. \u00abLa CGT no puede suplantar las discusiones paritarias ni las que lleva adelante cada una de las organiza sindicales\u00bb, apunt\u00f3.<\/p>\n<p>En un principio, el encuentro estaba pautado para las 9 en el Ministerio de Trabajo de la calle Alem al 600. Pero por una protesta en la puerta del edificio de los estatales de ATE, que exigen a los dirigentes ir al paro contra el \u00abajuste\u00bb de la administraci\u00f3n de Mauricio Macri, se decidi\u00f3 un cambio de locaci\u00f3n al sindicato de Sanidad.<\/p>\n<p>En representaci\u00f3n del Gobierno estuvieron presentes Triaca, Rogelio Frigerio y Mario Quintana.<\/p>\n","protected":false},"excerpt":{"rendered":"<p>Funcionarios nacionales y los jefes de la CGT se reunieron bajo un total hermetismo en un encuentro que dur\u00f3 cerca de 5 horas. Jugando al misterio a primera ma\u00f1ana, incluido un cambio de sede, el Gobierno y los gremialistas realizaron un c\u00f3nclave a puertas cerradas. Hubo avances con temas como la eximici\u00f3n del aguinaldo del [&hellip;]<\/p>\n","protected":false},"author":1,"featured_media":4788,"comment_status":"closed","ping_status":"open","sticky":false,"template":"","format":"standard","meta":{"footnotes":""},"categories":[49,30,48],"tags":[],"class_list":{"0":"post-4787","1":"post","2":"type-post","3":"status-publish","4":"format-standard","5":"has-post-thumbnail","7":"category-economia-y-gremiales","8":"category-nacion","9":"category-politica-argentina"},"aioseo_notices":[],"_links":{"self":[{"href":"https:\/\/guiadenoticias.com.ar\/diario\/wp-json\/wp\/v2\/posts\/4787","targetHints":{"allow":["GET"]}}],"collection":[{"href":"https:\/\/guiadenoticias.com.ar\/diario\/wp-json\/wp\/v2\/posts"}],"about":[{"href":"https:\/\/guiadenoticias.com.ar\/diario\/wp-json\/wp\/v2\/types\/post"}],"author":[{"embeddable":true,"href":"https:\/\/guiadenoticias.com.ar\/diario\/wp-json\/wp\/v2\/users\/1"}],"replies":[{"embeddable":true,"href":"https:\/\/guiadenoticias.com.ar\/diario\/wp-json\/wp\/v2\/comments?post=4787"}],"version-history":[{"count":1,"href":"https:\/\/guiadenoticias.com.ar\/diario\/wp-json\/wp\/v2\/posts\/4787\/revisions"}],"predecessor-version":[{"id":4789,"href":"https:\/\/guiadenoticias.com.ar\/diario\/wp-json\/wp\/v2\/posts\/4787\/revisions\/4789"}],"wp:featuredmedia":[{"embeddable":true,"href":"https:\/\/guiadenoticias.com.ar\/diario\/wp-json\/wp\/v2\/media\/4788"}],"wp:attachment":[{"href":"https:\/\/guiadenoticias.com.ar\/diario\/wp-json\/wp\/v2\/media?parent=4787"}],"wp:term":[{"taxonomy":"category","embeddable":true,"href":"https:\/\/guiadenoticias.com.ar\/diario\/wp-json\/wp\/v2\/categories?post=4787"},{"taxonomy":"post_tag","embeddable":true,"href":"https:\/\/guiadenoticias.com.ar\/diario\/wp-json\/wp\/v2\/tags?post=4787"}],"curies":[{"name":"wp","href":"https:\/\/api.w.org\/{rel}","templated":true}]}}