{"id":4800,"date":"2016-10-14T00:58:48","date_gmt":"2016-10-14T03:58:48","guid":{"rendered":"http:\/\/guiadenoticias.com.ar\/diario\/?p=4800"},"modified":"2016-10-14T00:59:03","modified_gmt":"2016-10-14T03:59:03","slug":"renovacion-de-luminarias-en-avenidas-de-san-isidro","status":"publish","type":"post","link":"https:\/\/guiadenoticias.com.ar\/diario\/renovacion-de-luminarias-en-avenidas-de-san-isidro\/","title":{"rendered":"Renovaci\u00f3n de luminarias en avenidas de San Isidro"},"content":{"rendered":"<p>El municipio, a trav\u00e9s de su Secretar\u00eda de Espacio P\u00fablico, contin\u00faa con la renovaci\u00f3n de luminarias en San Isidro. En las avenidas M\u00e1rquez y Fleming se coloc\u00f3 nueva iluminaci\u00f3n, con tecnolog\u00eda LED de \u00faltima generaci\u00f3n, que tienen mayor vida \u00fatil, menor consumo y m\u00e1s poder lum\u00ednico.<\/p>\n<p>Tras recorrer la zona, el intendente Gustavo Posse expres\u00f3: \u201cSeguimos con la implementaci\u00f3n de luminarias LED en todo el distrito, para garantizar la seguridad de los vecinos y para mejorar su calidad de vida\u201d.<\/p>\n<p>\u201cLa luz blanca de esta tecnolog\u00eda brinda una mejor visibilidad para los peatones y conductores. Adem\u00e1s, trabajamos para que los vecinos puedan realizar actividad f\u00edsica con una buena iluminaci\u00f3n\u201d, sostuvo Tom\u00e1s Rodr\u00edguez, de la Subsecretar\u00eda de Espacio P\u00fablico.<\/p>\n<p>Con este alumbrado, la Comuna favorece el cuidado del medio ambiente debido a que estas luminarias no poseen t\u00f3xicos en su composici\u00f3n ya que cumplen con las regulaciones ROHS, lo que significa que no tienen ninguno de los metales pesados como el plomo, mercurio o cadmio.<\/p>\n","protected":false},"excerpt":{"rendered":"<p>El municipio, a trav\u00e9s de su Secretar\u00eda de Espacio P\u00fablico, contin\u00faa con la renovaci\u00f3n de luminarias en San Isidro. En las avenidas M\u00e1rquez y Fleming se coloc\u00f3 nueva iluminaci\u00f3n, con tecnolog\u00eda LED de \u00faltima generaci\u00f3n, que tienen mayor vida \u00fatil, menor consumo y m\u00e1s poder lum\u00ednico. Tras recorrer la zona, el intendente Gustavo Posse expres\u00f3: [&hellip;]<\/p>\n","protected":false},"author":1,"featured_media":4801,"comment_status":"closed","ping_status":"open","sticky":false,"template":"","format":"standard","meta":{"footnotes":""},"categories":[20,21],"tags":[],"class_list":{"0":"post-4800","1":"post","2":"type-post","3":"status-publish","4":"format-standard","5":"has-post-thumbnail","7":"category-municipios","8":"category-san-isidro"},"aioseo_notices":[],"_links":{"self":[{"href":"https:\/\/guiadenoticias.com.ar\/diario\/wp-json\/wp\/v2\/posts\/4800","targetHints":{"allow":["GET"]}}],"collection":[{"href":"https:\/\/guiadenoticias.com.ar\/diario\/wp-json\/wp\/v2\/posts"}],"about":[{"href":"https:\/\/guiadenoticias.com.ar\/diario\/wp-json\/wp\/v2\/types\/post"}],"author":[{"embeddable":true,"href":"https:\/\/guiadenoticias.com.ar\/diario\/wp-json\/wp\/v2\/users\/1"}],"replies":[{"embeddable":true,"href":"https:\/\/guiadenoticias.com.ar\/diario\/wp-json\/wp\/v2\/comments?post=4800"}],"version-history":[{"count":1,"href":"https:\/\/guiadenoticias.com.ar\/diario\/wp-json\/wp\/v2\/posts\/4800\/revisions"}],"predecessor-version":[{"id":4802,"href":"https:\/\/guiadenoticias.com.ar\/diario\/wp-json\/wp\/v2\/posts\/4800\/revisions\/4802"}],"wp:featuredmedia":[{"embeddable":true,"href":"https:\/\/guiadenoticias.com.ar\/diario\/wp-json\/wp\/v2\/media\/4801"}],"wp:attachment":[{"href":"https:\/\/guiadenoticias.com.ar\/diario\/wp-json\/wp\/v2\/media?parent=4800"}],"wp:term":[{"taxonomy":"category","embeddable":true,"href":"https:\/\/guiadenoticias.com.ar\/diario\/wp-json\/wp\/v2\/categories?post=4800"},{"taxonomy":"post_tag","embeddable":true,"href":"https:\/\/guiadenoticias.com.ar\/diario\/wp-json\/wp\/v2\/tags?post=4800"}],"curies":[{"name":"wp","href":"https:\/\/api.w.org\/{rel}","templated":true}]}}