{"id":4807,"date":"2016-10-14T01:36:29","date_gmt":"2016-10-14T04:36:29","guid":{"rendered":"http:\/\/guiadenoticias.com.ar\/diario\/?p=4807"},"modified":"2016-10-14T01:36:47","modified_gmt":"2016-10-14T04:36:47","slug":"eslaiman-critico-la-ausencia-de-bressi-en-la-legislatura","status":"publish","type":"post","link":"https:\/\/guiadenoticias.com.ar\/diario\/eslaiman-critico-la-ausencia-de-bressi-en-la-legislatura\/","title":{"rendered":"Eslaiman critic\u00f3 la ausencia de Bressi en la Legislatura"},"content":{"rendered":"<p>El diputado provincial del Frente Renovador Rub\u00e9n Eslaiman repudi\u00f3 la ausencia del jefe de la Polic\u00eda Bonaerense en la Comisi\u00f3n Bicameral de Seguridad. Tambi\u00e9n hubo faltazos del responsable del Servicio Penitenciario, Fernando D\u00edaz, y el director de Asuntos Internos de Seguridad, Guillermo Berra. Hace un par de meses, el ministro Ritondo dej\u00f3 \u201cplantados\u201d dos veces a los legisladores.<\/p>\n<p>En medio de la creciente exigencia de la ciudadan\u00eda por la inseguridad, Bressi falt\u00f3 a la reuni\u00f3n de la Comisi\u00f3n Bicameral que controla la aplicaci\u00f3n de la Emergencia en Seguridad.<\/p>\n<p>El encuentro deb\u00eda realizarse el mi\u00e9rcoles 12 de octubre. All\u00ed, el jefe policial ten\u00eda que informar sobre el estado de la Emergencia solicitada por los Ministerios de Seguridad y Justicia para la Polic\u00eda y el Servicio Penitenciario.<\/p>\n<p>Eslaiman, integrante de dicha Comisi\u00f3n, manifest\u00f3: \u00abHab\u00edamos citado al titular del SPB, que est\u00e1 sospechado de corrupci\u00f3n, y al jefe de Polic\u00eda, para que nos explique el plan integral de seguridad y c\u00f3mo lo est\u00e1n realizando. Queremos saber a qu\u00e9 destacamento de la provincia se destinan las compras. Cu\u00e1l es el protocolo. Hay cuestiones que los legisladores tenemos la necesidad de saber. Queremos saber qu\u00e9 est\u00e1 pasando\u00bb.<\/p>\n<p>\u201cNos hubiese gustado saber cu\u00e1l es su visi\u00f3n del curso de la lucha contra el narcotr\u00e1fico, aprovechando que \u00e9l tuvo esa responsabilidad durante el gobierno de Scioli\u201d, agreg\u00f3 Eslaiman.<\/p>\n<p>Adem\u00e1s, el legislador se refiri\u00f3 a los faltazos que ya hab\u00eda pegado el ministro de Seguridad: \u201cNo es la primera vez que Ritondo desconoce las instituciones de la democracia. Hace meses, la C\u00e1mara de Diputados, por unanimidad, resolvi\u00f3 citarlo a una reuni\u00f3n con los presidentes de los bloques y la Comisi\u00f3n de Seguridad de y no vino. Pod\u00edamos interpelarlo, pero elegimos el camino del di\u00e1logo\u00bb.<\/p>\n<p>\u00abEl ministro expres\u00f3, ante la primera invitaci\u00f3n, que ten\u00eda compromisos asumidos previamente. Le planteamos que \u00e9l pusiera la fecha que pod\u00eda concurrir, y aun as\u00ed no asisti\u00f3. Y ahora, en un momento tan delicado para los bonaerenses en materia de inseguridad, nuevamente ignora los pedidos de esta Comisi\u00f3n Bicameral. Lo \u00fanico que queremos es mejorar la seguridad a los habitantes de la provincia de Buenos Aires. Todo esto se hace para encubrir al comisario Bressi\u00bb, repudi\u00f3.<\/p>\n<p>\u00abLa puerta giratoria existe. Sergio Massa lo viene denunciado hace a\u00f1os\u00bb, denunci\u00f3 el diputado provincial.<\/p>\n","protected":false},"excerpt":{"rendered":"<p>El diputado provincial del Frente Renovador Rub\u00e9n Eslaiman repudi\u00f3 la ausencia del jefe de la Polic\u00eda Bonaerense en la Comisi\u00f3n Bicameral de Seguridad. Tambi\u00e9n hubo faltazos del responsable del Servicio Penitenciario, Fernando D\u00edaz, y el director de Asuntos Internos de Seguridad, Guillermo Berra. Hace un par de meses, el ministro Ritondo dej\u00f3 \u201cplantados\u201d dos veces [&hellip;]<\/p>\n","protected":false},"author":1,"featured_media":4808,"comment_status":"closed","ping_status":"open","sticky":false,"template":"","format":"standard","meta":{"footnotes":""},"categories":[48,31,24],"tags":[],"class_list":{"0":"post-4807","1":"post","2":"type-post","3":"status-publish","4":"format-standard","5":"has-post-thumbnail","7":"category-politica-argentina","8":"category-provincia","9":"category-san-martin"},"aioseo_notices":[],"_links":{"self":[{"href":"https:\/\/guiadenoticias.com.ar\/diario\/wp-json\/wp\/v2\/posts\/4807","targetHints":{"allow":["GET"]}}],"collection":[{"href":"https:\/\/guiadenoticias.com.ar\/diario\/wp-json\/wp\/v2\/posts"}],"about":[{"href":"https:\/\/guiadenoticias.com.ar\/diario\/wp-json\/wp\/v2\/types\/post"}],"author":[{"embeddable":true,"href":"https:\/\/guiadenoticias.com.ar\/diario\/wp-json\/wp\/v2\/users\/1"}],"replies":[{"embeddable":true,"href":"https:\/\/guiadenoticias.com.ar\/diario\/wp-json\/wp\/v2\/comments?post=4807"}],"version-history":[{"count":1,"href":"https:\/\/guiadenoticias.com.ar\/diario\/wp-json\/wp\/v2\/posts\/4807\/revisions"}],"predecessor-version":[{"id":4809,"href":"https:\/\/guiadenoticias.com.ar\/diario\/wp-json\/wp\/v2\/posts\/4807\/revisions\/4809"}],"wp:featuredmedia":[{"embeddable":true,"href":"https:\/\/guiadenoticias.com.ar\/diario\/wp-json\/wp\/v2\/media\/4808"}],"wp:attachment":[{"href":"https:\/\/guiadenoticias.com.ar\/diario\/wp-json\/wp\/v2\/media?parent=4807"}],"wp:term":[{"taxonomy":"category","embeddable":true,"href":"https:\/\/guiadenoticias.com.ar\/diario\/wp-json\/wp\/v2\/categories?post=4807"},{"taxonomy":"post_tag","embeddable":true,"href":"https:\/\/guiadenoticias.com.ar\/diario\/wp-json\/wp\/v2\/tags?post=4807"}],"curies":[{"name":"wp","href":"https:\/\/api.w.org\/{rel}","templated":true}]}}