{"id":4810,"date":"2016-10-14T01:50:44","date_gmt":"2016-10-14T04:50:44","guid":{"rendered":"http:\/\/guiadenoticias.com.ar\/diario\/?p=4810"},"modified":"2016-10-14T01:52:44","modified_gmt":"2016-10-14T04:52:44","slug":"amenaza-a-vidal-en-tribunal-incendiado-en-san-martin","status":"publish","type":"post","link":"https:\/\/guiadenoticias.com.ar\/diario\/amenaza-a-vidal-en-tribunal-incendiado-en-san-martin\/","title":{"rendered":"Amenaza a Vidal en tribunal incendiado en San Mart\u00edn"},"content":{"rendered":"<p>Una nota con una amenaza contra la gobernadora de la provincia de Buenos Aires, Mar\u00eda Eugenia Vidal, fue encontrada este jueves en la terraza del edifico del Tribunal Oral Federal (TOF) 3 de San Mart\u00edn que sufri\u00f3 un incendio durante la madrugada.<\/p>\n<p>El texto hallado en el edifico ubicado en la calle Yapey\u00fa 1922 contiene un mensaje para la mandataria provincial a la que le advierten que \u00abno se meta m\u00e1s\u00bb con San Mart\u00edn y con la droga.<\/p>\n<p>El incendio en la sede del tribunal que integran los jueces Elbio Osores y Germ\u00e1n Castelli se origin\u00f3 a las 5 de hoy y, de acuerdo a la informaci\u00f3n surgida de los primero peritajes, habr\u00eda sido provocado de manera intencional.<\/p>\n<p>La grabaci\u00f3n producida por las c\u00e1maras de seguridad de un comercio ubicado frente al tribunal habr\u00eda permitido detectar que, pasadas las 4, dos personas ingresaron al edificio, aunque las im\u00e1genes no habr\u00edan permitido identificarlos.<\/p>\n<p>Fuentes de la investigaci\u00f3n informaron que los mayores da\u00f1os se generaron en el primer piso, mientras que en la planta baja se hab\u00edan encontrado bidones con combustible que no se lleg\u00f3 a quemar durante el incendio.<\/p>\n<p>Estas fuentes sostuvieron que desde un principio les llam\u00f3 la atenci\u00f3n el olor a combustible que predominaba en el TOF 3 de San Mart\u00edn y tambi\u00e9n resaltaron que se prendieron fuego varios expedientes.<\/p>\n<p>La causa por el incendio qued\u00f3 radicada Juzgado Federal en lo Criminal y Correccional de Tres de Febrero, a cargo del magistrado Juan Manuel Culotta.<\/p>\n<p>Por su parte, el ministro de Seguridad bonaerense, Cristina Ritondo, se refiri\u00f3 al hecho y se\u00f1al\u00f3 que \u201csab\u00edamos que cuando empezamos desde el primer d\u00eda a trabajar contra las mafias y privilegios que ten\u00edan, que se iban a despertar y querer amedrentarnos. Es una decisi\u00f3n de la gobernadora de dar una pelea de todos los d\u00edas\u00bb.<\/p>\n<p>En declaraciones a radio El Mundo, Ritondo inform\u00f3 que \u00abla investigaci\u00f3n la est\u00e1 haciendo la polic\u00eda federal al ser un juzgado federal. Nosotros vamos a colaborar con todo lo que nos requieran y vamos a reunirnos seguramente con la ministra Patricia Bullrich y Eugenio Burzaco para estar al tanto de la investigaci\u00f3n. El fuego alcanz\u00f3 casi todo el tribunal\u00bb.<\/p>\n<p>Agreg\u00f3 que \u00abes la pelea que hemos salido a dar y sab\u00edamos en lo que nos met\u00edamos. Nosotros hace varios meses que venimos trabajando fuertemente en saturaci\u00f3n en la provincia y hay una polic\u00eda federal que trabaja bien en el tema droga y uno siente el acompa\u00f1amiento de las fuerzas federales\u201d.<\/p>\n<p><strong>REPUDIO DE KATOPODIS<\/strong><\/p>\n<p>El intendente de San Mart\u00edn, Gabriel Katopodis, se refiri\u00f3 a las amenazas recibidas por la gobernadora Mar\u00eda Eugenia Vidal, y pidi\u00f3 a la Justicia que act\u00fae r\u00e1pidamente para esclarecer las causas del incendio en el Tribunal Federal N\u00b0 3.<\/p>\n<p>En este sentido, el jefe comunal expres\u00f3: \u201cRepudiamos fuertemente las amenazas a la gobernadora y esperamos que la Justicia esclarezca cuanto antes lo ocurrido en el Tribunal\u201d. \u201cEl atentado a la Justicia Federal es grav\u00edsimo, y desde el municipio estamos aportando im\u00e1genes tomadas por las c\u00e1maras de seguridad de nuestro Centro Operativo de Monitoreo\u201d, concluy\u00f3.<\/p>\n","protected":false},"excerpt":{"rendered":"<p>Una nota con una amenaza contra la gobernadora de la provincia de Buenos Aires, Mar\u00eda Eugenia Vidal, fue encontrada este jueves en la terraza del edifico del Tribunal Oral Federal (TOF) 3 de San Mart\u00edn que sufri\u00f3 un incendio durante la madrugada. El texto hallado en el edifico ubicado en la calle Yapey\u00fa 1922 contiene [&hellip;]<\/p>\n","protected":false},"author":1,"featured_media":4811,"comment_status":"closed","ping_status":"open","sticky":false,"template":"","format":"standard","meta":{"footnotes":""},"categories":[48,31,24],"tags":[],"class_list":{"0":"post-4810","1":"post","2":"type-post","3":"status-publish","4":"format-standard","5":"has-post-thumbnail","7":"category-politica-argentina","8":"category-provincia","9":"category-san-martin"},"aioseo_notices":[],"_links":{"self":[{"href":"https:\/\/guiadenoticias.com.ar\/diario\/wp-json\/wp\/v2\/posts\/4810","targetHints":{"allow":["GET"]}}],"collection":[{"href":"https:\/\/guiadenoticias.com.ar\/diario\/wp-json\/wp\/v2\/posts"}],"about":[{"href":"https:\/\/guiadenoticias.com.ar\/diario\/wp-json\/wp\/v2\/types\/post"}],"author":[{"embeddable":true,"href":"https:\/\/guiadenoticias.com.ar\/diario\/wp-json\/wp\/v2\/users\/1"}],"replies":[{"embeddable":true,"href":"https:\/\/guiadenoticias.com.ar\/diario\/wp-json\/wp\/v2\/comments?post=4810"}],"version-history":[{"count":1,"href":"https:\/\/guiadenoticias.com.ar\/diario\/wp-json\/wp\/v2\/posts\/4810\/revisions"}],"predecessor-version":[{"id":4812,"href":"https:\/\/guiadenoticias.com.ar\/diario\/wp-json\/wp\/v2\/posts\/4810\/revisions\/4812"}],"wp:featuredmedia":[{"embeddable":true,"href":"https:\/\/guiadenoticias.com.ar\/diario\/wp-json\/wp\/v2\/media\/4811"}],"wp:attachment":[{"href":"https:\/\/guiadenoticias.com.ar\/diario\/wp-json\/wp\/v2\/media?parent=4810"}],"wp:term":[{"taxonomy":"category","embeddable":true,"href":"https:\/\/guiadenoticias.com.ar\/diario\/wp-json\/wp\/v2\/categories?post=4810"},{"taxonomy":"post_tag","embeddable":true,"href":"https:\/\/guiadenoticias.com.ar\/diario\/wp-json\/wp\/v2\/tags?post=4810"}],"curies":[{"name":"wp","href":"https:\/\/api.w.org\/{rel}","templated":true}]}}