{"id":4822,"date":"2016-10-15T02:18:11","date_gmt":"2016-10-15T05:18:11","guid":{"rendered":"http:\/\/guiadenoticias.com.ar\/diario\/?p=4822"},"modified":"2016-10-15T02:18:27","modified_gmt":"2016-10-15T05:18:27","slug":"valenzuela-avanza-con-claridad-el-plan-estrategico-de-seguridad","status":"publish","type":"post","link":"https:\/\/guiadenoticias.com.ar\/diario\/valenzuela-avanza-con-claridad-el-plan-estrategico-de-seguridad\/","title":{"rendered":"Valenzuela: \u201cAvanza con claridad el plan estrat\u00e9gico de seguridad\u201d"},"content":{"rendered":"<p>El municipio de Tres de Febrero puso el funcionamiento una nueva posta de seguridad ubicada en la esquina de Avenida Rep\u00fablica y Acosta. Se trata de una ubicaci\u00f3n estrat\u00e9gica en una zona \u201ccaliente\u201d, ya que est\u00e1 en el l\u00edmite con Ramos Mej\u00eda y a pocas cuadras del Acceso Oeste, un corredor clave para la seguridad del Conurbano Oeste.<\/p>\n<p>El puesto inaugurado por el intendente Diego Valenzuela funciona como unidad descentralizada del Centro de Operaciones Municipal, ya que monitorea las c\u00e1maras y coordina los patrullajes de la cuadricula de Ciudadela Sur, seg\u00fan explicaron fuentes oficiales. Participaron de la actividad el secretario de Seguridad, Juan Manuel Lucioni, y el presidente del Concejo Deliberante, Sergio Iacovino.<\/p>\n<p>\u201cEste destacamento apunta al control, a tener desde el Estado una presencia que inhiba el delito en una zona\u201d, inform\u00f3 el jefe comunal.<\/p>\n<p>Se trata del tercer destacamento similar, ya que funciona uno en la Plaza de los Bomberos Voluntarios (Caseros)\u00a0 y otro en El Payador y Triunvirato (Villa Bosch), ambos linderos con San Mart\u00edn. Est\u00e1n ubicados estrat\u00e9gicamente a partir de un mapa del delito \u201checho en base a los que vemos, lo que nos dicen y sienten los vecinos\u201d, remarc\u00f3 Valenzuela.<\/p>\n<p>Y prometi\u00f3 que como \u201cCiudadela es una gran prioridad para nosotros, vamos a colocar en breve uno en el Campito (Rep\u00fablica y Acceso Oeste), con la Polic\u00eda Local las 24 horas\u201d.<\/p>\n<p>En cuanto a la Polic\u00eda Local, se espera duplicar los efectivos. \u201cHicimos el egreso de los 84 nuevos agentes, que vienen con el doble de formaci\u00f3n, un a\u00f1o, y salen todos con chaleco desde el d\u00eda 1\u201d. Adem\u00e1s, la fuerza est\u00e1 incorporando 32 camionetas y 30 motos de patrullaje.<\/p>\n<p>Por estas mejoras, y porque el 31 de octubre abrir\u00e1n los sobres para una licitaci\u00f3n de nuevas c\u00e1maras de monitoreo urbano, el intendente considera que \u201cavanza con mucha claridad el plan estrat\u00e9gico de seguridad\u201d.<\/p>\n<p><strong>FUERZAS FEDERALES<\/strong><\/p>\n<p>Consultado por Gu\u00eda de Noticias, Diego Valenzuela dio detalles de la implementaci\u00f3n del plan que destina fuerzas federales al Conurbano. \u201cMe parece una decisi\u00f3n muy atinada de parte del Presidente y la gobernadora. Vamos a estar en el grupo de distritos que recibir\u00e1n m\u00e1s efectivos\u201d, remarc\u00f3.<\/p>\n<p>Sin embargo, aclar\u00f3 que \u201cno hay puja sino mucho di\u00e1logo para articular con Naci\u00f3n y Provincia, incluso con los municipios. De hecho, lo primero que hice fue comunicarme con Gabriel Katopodis (intendente de San Mart\u00edn) para lograr el m\u00e1ximo de prevenci\u00f3n\u201d.<\/p>\n<p>Lucioni, como secretario de seguridad municipal, es responsable de articular polic\u00edas locales y nacionales en el territorio. \u201cTomamos una herramienta muy importante que es la coordinaci\u00f3n, seg\u00fan el mapa del delito local. Las fuerzas federales se suman a nuestro plan, donde seguimos siendo los que coordinamos\u201d, sostuvo.<\/p>\n<p><strong>AMENAZAS A VIDAL<\/strong><\/p>\n<p>El jefe comunal vio en la nota amenazante que se encontr\u00f3 en el incendio del TOF 3 de San Martin contra la gobernadora bonaerense a \u201clas se\u00f1ales de una pol\u00edtica y un mundo de inseguridad que se resiste a irse\u201d. \u201cParad\u00f3jicamente son se\u00f1ales positivas, nos muestran que estamos haciendo bien las cosas, dando la pelea contra las mafias y un combate directo contra el crimen organizado\u201d, apreci\u00f3.<\/p>\n<p><strong>UN 2017 EN OBRAS<\/strong><\/p>\n<p>Por \u00faltimo, Valenzuela dedic\u00f3 un p\u00e1rrafo a obras p\u00fablicas implementadas en el distrito, que otros intendentes bonaerenses esperan como agua en el desierto. \u201cLa cantidad de obras que vamos que hacer en 2017 es impresionante\u201d, anunci\u00f3, y ser\u00e1 un apoyo para el a\u00f1o electoral:<\/p>\n<p>Metrobus: \u201cEst\u00e1 en marcha en la Ruta 8, avanza con todo hacia Loma Hermosa y se engancha con el primer centro comercial que estamos haciendo que es el de 1 de Mayo\u201d.<\/p>\n<p>Soterramiento del Sarmiento: \u201cRompimos la desidia de m\u00e1s de una d\u00e9cada de obras prometidas. Un proyecto fundamental para los 200 mil usuarios del ferrocarril y que va a integrar Ciudadela con un parque donde hoy est\u00e1n las v\u00edas\u201d.<\/p>\n","protected":false},"excerpt":{"rendered":"<p>El municipio de Tres de Febrero puso el funcionamiento una nueva posta de seguridad ubicada en la esquina de Avenida Rep\u00fablica y Acosta. Se trata de una ubicaci\u00f3n estrat\u00e9gica en una zona \u201ccaliente\u201d, ya que est\u00e1 en el l\u00edmite con Ramos Mej\u00eda y a pocas cuadras del Acceso Oeste, un corredor clave para la seguridad [&hellip;]<\/p>\n","protected":false},"author":1,"featured_media":4823,"comment_status":"closed","ping_status":"open","sticky":false,"template":"","format":"standard","meta":{"footnotes":""},"categories":[20,26],"tags":[],"class_list":{"0":"post-4822","1":"post","2":"type-post","3":"status-publish","4":"format-standard","5":"has-post-thumbnail","7":"category-municipios","8":"category-tres-de-febrero"},"aioseo_notices":[],"_links":{"self":[{"href":"https:\/\/guiadenoticias.com.ar\/diario\/wp-json\/wp\/v2\/posts\/4822","targetHints":{"allow":["GET"]}}],"collection":[{"href":"https:\/\/guiadenoticias.com.ar\/diario\/wp-json\/wp\/v2\/posts"}],"about":[{"href":"https:\/\/guiadenoticias.com.ar\/diario\/wp-json\/wp\/v2\/types\/post"}],"author":[{"embeddable":true,"href":"https:\/\/guiadenoticias.com.ar\/diario\/wp-json\/wp\/v2\/users\/1"}],"replies":[{"embeddable":true,"href":"https:\/\/guiadenoticias.com.ar\/diario\/wp-json\/wp\/v2\/comments?post=4822"}],"version-history":[{"count":1,"href":"https:\/\/guiadenoticias.com.ar\/diario\/wp-json\/wp\/v2\/posts\/4822\/revisions"}],"predecessor-version":[{"id":4824,"href":"https:\/\/guiadenoticias.com.ar\/diario\/wp-json\/wp\/v2\/posts\/4822\/revisions\/4824"}],"wp:featuredmedia":[{"embeddable":true,"href":"https:\/\/guiadenoticias.com.ar\/diario\/wp-json\/wp\/v2\/media\/4823"}],"wp:attachment":[{"href":"https:\/\/guiadenoticias.com.ar\/diario\/wp-json\/wp\/v2\/media?parent=4822"}],"wp:term":[{"taxonomy":"category","embeddable":true,"href":"https:\/\/guiadenoticias.com.ar\/diario\/wp-json\/wp\/v2\/categories?post=4822"},{"taxonomy":"post_tag","embeddable":true,"href":"https:\/\/guiadenoticias.com.ar\/diario\/wp-json\/wp\/v2\/tags?post=4822"}],"curies":[{"name":"wp","href":"https:\/\/api.w.org\/{rel}","templated":true}]}}