{"id":4825,"date":"2016-10-15T02:32:12","date_gmt":"2016-10-15T05:32:12","guid":{"rendered":"http:\/\/guiadenoticias.com.ar\/diario\/?p=4825"},"modified":"2016-10-15T02:32:46","modified_gmt":"2016-10-15T05:32:46","slug":"chispazos-entre-katopodis-y-ritondo-por-el-incendio-del-tof3","status":"publish","type":"post","link":"https:\/\/guiadenoticias.com.ar\/diario\/chispazos-entre-katopodis-y-ritondo-por-el-incendio-del-tof3\/","title":{"rendered":"Chispazos entre Katopodis y Ritondo por el incendio del TOF3"},"content":{"rendered":"<p>El intendente de San Mart\u00edn, Gabriel Katopodis, se defendi\u00f3 tras las cr\u00edticas del ministro de Seguridad bonaerense, Cristian Ritondo, quien luego del incendio en el Tribunal Oral 3 hab\u00eda apuntado contra el dirigente peronista: \u00abSi ponemos muchos polic\u00edas, pero la luz no anda y las c\u00e1maras no funcionan estamos invirtiendo en cosas que est\u00e1n mal\u00bb, dijo el hombre de confianza de Mar\u00eda Eugenia Vidal.<\/p>\n<p>En declaraciones a radio La Red, Katopodis desestim\u00f3 la sugerencia de Ritondo de que al momento del incidente hab\u00eda una zona liberada: \u00abEst\u00e1 acreditado que en 9 minutos estuvieron los bomberos en el lugar. Si el ministro sospecha de una zona liberada, la que liber\u00f3 la zona es la polic\u00eda que \u00e9l conduce, la principal responsabilidad es de \u00e9l (\u2026), quien ten\u00eda la responsabilidad de custodiar esos documentos\u00bb.<\/p>\n<p>Adem\u00e1s, el intendente rechaz\u00f3 la versi\u00f3n de Ritondo sobre el mal funcionamiento de las luces del lugar, y dijo que \u00abentregamos un informe t\u00e9cnico acreditando que andan perfectamente, lo cual tambi\u00e9n se puede apreciar en las im\u00e1genes de las c\u00e1maras\u00bb.<\/p>\n<p>\u00abSi el ministro me hubiese llamado antes de hacer declaraciones desacertadas e irresponsables, lo hubi\u00e9semos aclarado; si hubiese consultado al fiscal del caso, si hubiera buscado informaci\u00f3n acertada, no hubiese cometido semejante error\u00bb, afirm\u00f3 el intendente, al tiempo que tambi\u00e9n dijo que no hab\u00eda problemas con las c\u00e1maras de seguridad: \u00abEs mentira que nuestras c\u00e1maras no funcionaban. Pusimos las im\u00e1genes de forma inmediata a disposici\u00f3n de la Justicia. Pero es responsabilidad del ministro de Seguridad disponer de c\u00e1maras dentro del juzgado\u00bb.<\/p>\n<p>Por otro lado, Katopodis se pregunt\u00f3: \u00ab\u00bfCu\u00e1l es el tema del ministro de estar siempre poniendo los problemas afuera y sacarse responsabilidad? Si me hubiese llamado aclar\u00e1bamos lo que hab\u00eda que aclarar, dej\u00e1bamos teor\u00edas conspirativas y nos dedic\u00e1bamos a lo que nos ten\u00edamos que dedicar\u00bb.<\/p>\n<p>\u00abLas c\u00e1maras de seguridad funcionaban, las luces funcionaban, el municipio cumpli\u00f3, est\u00e1 con un sistema de protecci\u00f3n ciudadana que generamos durante los \u00faltimos 4 a\u00f1os por la ineficacia de este Gobierno y el anterior para ir contra la inseguridad\u00bb, se descarg\u00f3 el dirigente peronista.<\/p>\n<p>Por \u00faltimo, se mostr\u00f3 indignado por \u00abla impunidad con la que han actuado\u00bb los responsables del hecho, y remarc\u00f3 que \u00abno alcanza con repudiar porque esto pas\u00f3 un l\u00edmite\u00bb.<\/p>\n","protected":false},"excerpt":{"rendered":"<p>El intendente de San Mart\u00edn, Gabriel Katopodis, se defendi\u00f3 tras las cr\u00edticas del ministro de Seguridad bonaerense, Cristian Ritondo, quien luego del incendio en el Tribunal Oral 3 hab\u00eda apuntado contra el dirigente peronista: \u00abSi ponemos muchos polic\u00edas, pero la luz no anda y las c\u00e1maras no funcionan estamos invirtiendo en cosas que est\u00e1n mal\u00bb, [&hellip;]<\/p>\n","protected":false},"author":1,"featured_media":4826,"comment_status":"closed","ping_status":"open","sticky":false,"template":"","format":"standard","meta":{"footnotes":""},"categories":[19,20,24],"tags":[],"class_list":{"0":"post-4825","1":"post","2":"type-post","3":"status-publish","4":"format-standard","5":"has-post-thumbnail","7":"category-informacion-general","8":"category-municipios","9":"category-san-martin"},"aioseo_notices":[],"_links":{"self":[{"href":"https:\/\/guiadenoticias.com.ar\/diario\/wp-json\/wp\/v2\/posts\/4825","targetHints":{"allow":["GET"]}}],"collection":[{"href":"https:\/\/guiadenoticias.com.ar\/diario\/wp-json\/wp\/v2\/posts"}],"about":[{"href":"https:\/\/guiadenoticias.com.ar\/diario\/wp-json\/wp\/v2\/types\/post"}],"author":[{"embeddable":true,"href":"https:\/\/guiadenoticias.com.ar\/diario\/wp-json\/wp\/v2\/users\/1"}],"replies":[{"embeddable":true,"href":"https:\/\/guiadenoticias.com.ar\/diario\/wp-json\/wp\/v2\/comments?post=4825"}],"version-history":[{"count":1,"href":"https:\/\/guiadenoticias.com.ar\/diario\/wp-json\/wp\/v2\/posts\/4825\/revisions"}],"predecessor-version":[{"id":4827,"href":"https:\/\/guiadenoticias.com.ar\/diario\/wp-json\/wp\/v2\/posts\/4825\/revisions\/4827"}],"wp:featuredmedia":[{"embeddable":true,"href":"https:\/\/guiadenoticias.com.ar\/diario\/wp-json\/wp\/v2\/media\/4826"}],"wp:attachment":[{"href":"https:\/\/guiadenoticias.com.ar\/diario\/wp-json\/wp\/v2\/media?parent=4825"}],"wp:term":[{"taxonomy":"category","embeddable":true,"href":"https:\/\/guiadenoticias.com.ar\/diario\/wp-json\/wp\/v2\/categories?post=4825"},{"taxonomy":"post_tag","embeddable":true,"href":"https:\/\/guiadenoticias.com.ar\/diario\/wp-json\/wp\/v2\/tags?post=4825"}],"curies":[{"name":"wp","href":"https:\/\/api.w.org\/{rel}","templated":true}]}}