{"id":4840,"date":"2016-10-16T22:02:30","date_gmt":"2016-10-17T01:02:30","guid":{"rendered":"http:\/\/guiadenoticias.com.ar\/diario\/?p=4840"},"modified":"2016-10-16T22:02:57","modified_gmt":"2016-10-17T01:02:57","slug":"vallarino-y-diaz-apuntan-contra-extension-de-contrato-con-salud-protegida","status":"publish","type":"post","link":"https:\/\/guiadenoticias.com.ar\/diario\/vallarino-y-diaz-apuntan-contra-extension-de-contrato-con-salud-protegida\/","title":{"rendered":"Vallarino y D\u00edaz apuntan contra extensi\u00f3n de contrato con Salud Protegida"},"content":{"rendered":"<p>La \u00faltima sesi\u00f3n del Concejo Deliberante de Ituzaing\u00f3 gener\u00f3 fuertes cr\u00edticas de los concejales Esteban Vallarino, del Partido Socialista, y Julio D\u00edaz, de Cambiemos PRO, quienes cuestionaron la aprobaci\u00f3n del expediente relacionado con la firma Salud Protegida.<\/p>\n<p>En un comunicado, el socialista indic\u00f3 que \u201ccon en el apoyo de los bloques del FpV-PJ, el PRO y el Frente Renovador se aprob\u00f3 la convalidaci\u00f3n de la pr\u00f3rroga del contrato con la empresa Salud Protegida SA y la apertura a licitaci\u00f3n para la realizaci\u00f3n de diversos servicios de an\u00e1lisis de laboratorio y estudios m\u00e9dicos\u201d.<\/p>\n<p>Record\u00f3 que \u201cen noviembre de 2015 finaliz\u00f3 la contrataci\u00f3n por 4 a\u00f1os entre la Municipalidad y Salud Protegida S.A. para que la empresa realice el otorgamiento de Licencias Sanitarias, an\u00e1lisis de agua, an\u00e1lisis sangu\u00edneos para Licencias de Conductor, control de ausentismo del personal municipal por enfermedad y ex\u00e1menes pre-ocupacionales. A principios de este a\u00f1o, el intendente Descalzo dict\u00f3 el Decreto N\u00b0221\/16 otorgando una pr\u00f3rroga extendi\u00e9ndolo por 6 meses hasta mayo, pero reci\u00e9n hacia finales de septiembre se solicit\u00f3 al Concejo Deliberante su convalidaci\u00f3n y el llamado a licitaci\u00f3n p\u00fablica para una nueva concesi\u00f3n\u201d.<\/p>\n<p>El expediente fue tratado por el Concejo en la sesi\u00f3n del 28 de septiembre, pero ante cuestionamientos del PS, regres\u00f3 para su tratamiento en las comisiones legislativas. Finalmente, sin haber ingresado al Orden del D\u00eda de la \u00faltima sesi\u00f3n, fue tratado sobre tablas y aprobado por amplia mayor\u00eda.<\/p>\n<p>Al respecto Vallarino se\u00f1al\u00f3 tambi\u00e9n: \u201cSalud Protegida S.A. tiene muy malos antecedentes gestionando el servicio de ambulancias en Ituzaing\u00f3 por el que recibe sumas millonarias con denuncias permanentes por sus incumplimientos. Por esto no compartimos el repentino apuro del intendente y concejales de otros bloques, en favorecer su continuidad como concesionaria de m\u00e1s servicios\u201d.<\/p>\n<p>Por su parte, Julio D\u00edaz manifest\u00f3, \u201ces lamentable ver como se aprueban cosas, sin siquiera haber escuchado nuestro pedido de analizar los pliegos de Bases y Condiciones para saber al menos cu\u00e1les son los art\u00edculos con que se licita\u201d, y agrego que \u201clas fechas no coinciden, hoy estamos en 12 de octubre \u00a0y la prorroga venci\u00f3 hace unos meses atr\u00e1s, o sea que todo este tiempo que la empresa brind\u00f3 los servicios lo tendremos que pagar con ajuste, que ni siquiera sabe la gente del oficialismo cu\u00e1nto va a ser\u201d.<\/p>\n<p>Concluy\u00f3, \u201cseguimos despilfarrando la plata de los vecinos, a quienes despu\u00e9s les subimos m\u00e1s los\u00a0 impuestos como \u00fanica soluci\u00f3n a estas desprolijidades\u201d.<\/p>\n","protected":false},"excerpt":{"rendered":"<p>La \u00faltima sesi\u00f3n del Concejo Deliberante de Ituzaing\u00f3 gener\u00f3 fuertes cr\u00edticas de los concejales Esteban Vallarino, del Partido Socialista, y Julio D\u00edaz, de Cambiemos PRO, quienes cuestionaron la aprobaci\u00f3n del expediente relacionado con la firma Salud Protegida. En un comunicado, el socialista indic\u00f3 que \u201ccon en el apoyo de los bloques del FpV-PJ, el PRO [&hellip;]<\/p>\n","protected":false},"author":1,"featured_media":4841,"comment_status":"closed","ping_status":"open","sticky":false,"template":"","format":"standard","meta":{"footnotes":""},"categories":[29,20,48],"tags":[],"class_list":{"0":"post-4840","1":"post","2":"type-post","3":"status-publish","4":"format-standard","5":"has-post-thumbnail","7":"category-ituzaingo","8":"category-municipios","9":"category-politica-argentina"},"aioseo_notices":[],"_links":{"self":[{"href":"https:\/\/guiadenoticias.com.ar\/diario\/wp-json\/wp\/v2\/posts\/4840","targetHints":{"allow":["GET"]}}],"collection":[{"href":"https:\/\/guiadenoticias.com.ar\/diario\/wp-json\/wp\/v2\/posts"}],"about":[{"href":"https:\/\/guiadenoticias.com.ar\/diario\/wp-json\/wp\/v2\/types\/post"}],"author":[{"embeddable":true,"href":"https:\/\/guiadenoticias.com.ar\/diario\/wp-json\/wp\/v2\/users\/1"}],"replies":[{"embeddable":true,"href":"https:\/\/guiadenoticias.com.ar\/diario\/wp-json\/wp\/v2\/comments?post=4840"}],"version-history":[{"count":1,"href":"https:\/\/guiadenoticias.com.ar\/diario\/wp-json\/wp\/v2\/posts\/4840\/revisions"}],"predecessor-version":[{"id":4842,"href":"https:\/\/guiadenoticias.com.ar\/diario\/wp-json\/wp\/v2\/posts\/4840\/revisions\/4842"}],"wp:featuredmedia":[{"embeddable":true,"href":"https:\/\/guiadenoticias.com.ar\/diario\/wp-json\/wp\/v2\/media\/4841"}],"wp:attachment":[{"href":"https:\/\/guiadenoticias.com.ar\/diario\/wp-json\/wp\/v2\/media?parent=4840"}],"wp:term":[{"taxonomy":"category","embeddable":true,"href":"https:\/\/guiadenoticias.com.ar\/diario\/wp-json\/wp\/v2\/categories?post=4840"},{"taxonomy":"post_tag","embeddable":true,"href":"https:\/\/guiadenoticias.com.ar\/diario\/wp-json\/wp\/v2\/tags?post=4840"}],"curies":[{"name":"wp","href":"https:\/\/api.w.org\/{rel}","templated":true}]}}