{"id":4864,"date":"2016-10-17T22:21:14","date_gmt":"2016-10-18T01:21:14","guid":{"rendered":"http:\/\/guiadenoticias.com.ar\/diario\/?p=4864"},"modified":"2016-10-17T22:21:33","modified_gmt":"2016-10-18T01:21:33","slug":"ate-vuelve-a-la-calle-por-incumplimiento-de-vidal","status":"publish","type":"post","link":"https:\/\/guiadenoticias.com.ar\/diario\/ate-vuelve-a-la-calle-por-incumplimiento-de-vidal\/","title":{"rendered":"ATE vuelve a la calle por incumplimiento de Vidal"},"content":{"rendered":"<p>La Asociaci\u00f3n de Trabajadores del Estado anunci\u00f3 una nueva medida de fuerza para el 20 de octubre. Al respecto, el secretario general de ATE y de la CTA Aut\u00f3noma bonaerense, Oscar de Isasi, expres\u00f3 su malestar por la actitud de la administraci\u00f3n bonaerense, que no reabri\u00f3 a\u00fan la discusi\u00f3n paritaria pautada para el segundo tramo del a\u00f1o.<\/p>\n<p>El dirigente gremial enfatiz\u00f3: \u201cQueremos expresar nuestro desagrado ante la falta de convocatoria. El compromiso era reabrir la negociaci\u00f3n los primeros d\u00edas de octubre, pero\u00a0 esto no sucedi\u00f3\u201d.<\/p>\n<p>En tanto volvi\u00f3 a reclamar que \u201cel gobierno convoque de manera urgente y haga una oferta salarial que recupere el poder adquisitivo perdido por los trabajadores frente a la inflaci\u00f3n\u201d.<\/p>\n<p>Entre los reclamos, enumer\u00f3: \u201cQueremos continuidad laboral el a\u00f1o pr\u00f3ximo y que en el presupuesto para 2017 se creen los cargos para que todos los que est\u00e1n sin estabilidad laboral pasen a planta permanente\u201d.<\/p>\n","protected":false},"excerpt":{"rendered":"<p>La Asociaci\u00f3n de Trabajadores del Estado anunci\u00f3 una nueva medida de fuerza para el 20 de octubre. Al respecto, el secretario general de ATE y de la CTA Aut\u00f3noma bonaerense, Oscar de Isasi, expres\u00f3 su malestar por la actitud de la administraci\u00f3n bonaerense, que no reabri\u00f3 a\u00fan la discusi\u00f3n paritaria pautada para el segundo tramo [&hellip;]<\/p>\n","protected":false},"author":1,"featured_media":4865,"comment_status":"closed","ping_status":"open","sticky":false,"template":"","format":"standard","meta":{"footnotes":""},"categories":[49,48,31],"tags":[],"class_list":{"0":"post-4864","1":"post","2":"type-post","3":"status-publish","4":"format-standard","5":"has-post-thumbnail","7":"category-economia-y-gremiales","8":"category-politica-argentina","9":"category-provincia"},"aioseo_notices":[],"_links":{"self":[{"href":"https:\/\/guiadenoticias.com.ar\/diario\/wp-json\/wp\/v2\/posts\/4864","targetHints":{"allow":["GET"]}}],"collection":[{"href":"https:\/\/guiadenoticias.com.ar\/diario\/wp-json\/wp\/v2\/posts"}],"about":[{"href":"https:\/\/guiadenoticias.com.ar\/diario\/wp-json\/wp\/v2\/types\/post"}],"author":[{"embeddable":true,"href":"https:\/\/guiadenoticias.com.ar\/diario\/wp-json\/wp\/v2\/users\/1"}],"replies":[{"embeddable":true,"href":"https:\/\/guiadenoticias.com.ar\/diario\/wp-json\/wp\/v2\/comments?post=4864"}],"version-history":[{"count":1,"href":"https:\/\/guiadenoticias.com.ar\/diario\/wp-json\/wp\/v2\/posts\/4864\/revisions"}],"predecessor-version":[{"id":4866,"href":"https:\/\/guiadenoticias.com.ar\/diario\/wp-json\/wp\/v2\/posts\/4864\/revisions\/4866"}],"wp:featuredmedia":[{"embeddable":true,"href":"https:\/\/guiadenoticias.com.ar\/diario\/wp-json\/wp\/v2\/media\/4865"}],"wp:attachment":[{"href":"https:\/\/guiadenoticias.com.ar\/diario\/wp-json\/wp\/v2\/media?parent=4864"}],"wp:term":[{"taxonomy":"category","embeddable":true,"href":"https:\/\/guiadenoticias.com.ar\/diario\/wp-json\/wp\/v2\/categories?post=4864"},{"taxonomy":"post_tag","embeddable":true,"href":"https:\/\/guiadenoticias.com.ar\/diario\/wp-json\/wp\/v2\/tags?post=4864"}],"curies":[{"name":"wp","href":"https:\/\/api.w.org\/{rel}","templated":true}]}}