{"id":4867,"date":"2016-10-17T22:37:26","date_gmt":"2016-10-18T01:37:26","guid":{"rendered":"http:\/\/guiadenoticias.com.ar\/diario\/?p=4867"},"modified":"2016-10-17T22:37:46","modified_gmt":"2016-10-18T01:37:46","slug":"ledesma-recibio-un-reconocimiento-de-trabajadores-de-la-cooperativa-electrica-lujan","status":"publish","type":"post","link":"https:\/\/guiadenoticias.com.ar\/diario\/ledesma-recibio-un-reconocimiento-de-trabajadores-de-la-cooperativa-electrica-lujan\/","title":{"rendered":"Ledesma recibi\u00f3 un reconocimiento de trabajadores de la Cooperativa El\u00e9ctrica Luj\u00e1n"},"content":{"rendered":"<p>El secretario general del SEOCA Zona Oeste, Julio Ledesma, y el titular de la filial de San Mart\u00edn, Ra\u00fal Guiot, fueron reconocidos por el Centro de Empleados de Comercio de Luj\u00e1n &#8211; General Rodr\u00edguez por apoyar la lucha de los trabajadores de la Cooperativa El\u00e9ctrica Luj\u00e1n, quienes estuvieron en conflicto durante 10 meses.<\/p>\n<p>El encuentro fue encabezado por el secretario general del CEC, Sergio Gauna, quien destac\u00f3 el compromiso asumido por ambos dirigentes de Comercio en el grave problema laboral que afect\u00f3 a los empleados de la Cooperativa pertenecientes al sector de los servicios f\u00fanebres y de la venta de art\u00edculos para el hogar.<\/p>\n<p>\u201cEn el momento complicado Rub\u00e9n (Ledesma) me llam\u00f3 y pregunt\u00f3 qu\u00e9 necesitaba. Yo ten\u00eda un problema familiar, entonces \u00e9l me dijo que dedique la cabeza a la familia y que trabajar\u00edan para sacar la conciliaci\u00f3n obligatoria\u201d, dijo Gauna.<\/p>\n<p>A su turno, el secretario general de San Mart\u00edn manifest\u00f3, \u201cno pod\u00edamos dejar de apoyarlos, porque era un reclamo leg\u00edtimo y un logro de los trabajadores, quienes estuvieron convencidos del reclamo\u201d.<\/p>\n<p>Luego, el diputado provincial Ledesma remarc\u00f3 que gracias al apoyo rec\u00edproco \u201cse pudo conseguir que la Cooperativa cumpliera y respetara los derechos de los trabajadores\u201d. \u201cEl acuerdo que realiz\u00f3 Sergio (Gauna) dej\u00f3 establecido y bien claro de qu\u00e9 lado est\u00e1 el sindicato, del lado de los trabajadores\u201d. Cabe destacar que Ledesma preside la Comisi\u00f3n de Trabajo de la C\u00e1mara Baja provincial.<\/p>\n<p>\u201cTodo lo que se necesite para defender al trabajador podr\u00e1n contar conmigo, con Ra\u00fal (Guiot) y Sergio, que estar\u00e1n dispuestos a dar batalla por los empleados de Comercio\u201d, se comprometi\u00f3 el titular del SEOCA Zona Oeste.<\/p>\n<p>Participaron de este encuentro los secretarios de Encuadramiento, V\u00edctor Hugo Carraz\u00e1n; de Organizaci\u00f3n, Jos\u00e9 Mercado; de Juventud, Fabricio Ledesma; de Prensa y Difusi\u00f3n, Juan Sotelo. Los subsecretarios de Deporte, Jorge Vega; y de Cultura, Juan Valenzuela.<\/p>\n","protected":false},"excerpt":{"rendered":"<p>El secretario general del SEOCA Zona Oeste, Julio Ledesma, y el titular de la filial de San Mart\u00edn, Ra\u00fal Guiot, fueron reconocidos por el Centro de Empleados de Comercio de Luj\u00e1n &#8211; General Rodr\u00edguez por apoyar la lucha de los trabajadores de la Cooperativa El\u00e9ctrica Luj\u00e1n, quienes estuvieron en conflicto durante 10 meses. El encuentro [&hellip;]<\/p>\n","protected":false},"author":1,"featured_media":4868,"comment_status":"closed","ping_status":"open","sticky":false,"template":"","format":"standard","meta":{"footnotes":""},"categories":[49,48],"tags":[],"class_list":{"0":"post-4867","1":"post","2":"type-post","3":"status-publish","4":"format-standard","5":"has-post-thumbnail","7":"category-economia-y-gremiales","8":"category-politica-argentina"},"aioseo_notices":[],"_links":{"self":[{"href":"https:\/\/guiadenoticias.com.ar\/diario\/wp-json\/wp\/v2\/posts\/4867","targetHints":{"allow":["GET"]}}],"collection":[{"href":"https:\/\/guiadenoticias.com.ar\/diario\/wp-json\/wp\/v2\/posts"}],"about":[{"href":"https:\/\/guiadenoticias.com.ar\/diario\/wp-json\/wp\/v2\/types\/post"}],"author":[{"embeddable":true,"href":"https:\/\/guiadenoticias.com.ar\/diario\/wp-json\/wp\/v2\/users\/1"}],"replies":[{"embeddable":true,"href":"https:\/\/guiadenoticias.com.ar\/diario\/wp-json\/wp\/v2\/comments?post=4867"}],"version-history":[{"count":1,"href":"https:\/\/guiadenoticias.com.ar\/diario\/wp-json\/wp\/v2\/posts\/4867\/revisions"}],"predecessor-version":[{"id":4869,"href":"https:\/\/guiadenoticias.com.ar\/diario\/wp-json\/wp\/v2\/posts\/4867\/revisions\/4869"}],"wp:featuredmedia":[{"embeddable":true,"href":"https:\/\/guiadenoticias.com.ar\/diario\/wp-json\/wp\/v2\/media\/4868"}],"wp:attachment":[{"href":"https:\/\/guiadenoticias.com.ar\/diario\/wp-json\/wp\/v2\/media?parent=4867"}],"wp:term":[{"taxonomy":"category","embeddable":true,"href":"https:\/\/guiadenoticias.com.ar\/diario\/wp-json\/wp\/v2\/categories?post=4867"},{"taxonomy":"post_tag","embeddable":true,"href":"https:\/\/guiadenoticias.com.ar\/diario\/wp-json\/wp\/v2\/tags?post=4867"}],"curies":[{"name":"wp","href":"https:\/\/api.w.org\/{rel}","templated":true}]}}