{"id":4872,"date":"2016-10-18T02:46:14","date_gmt":"2016-10-18T05:46:14","guid":{"rendered":"http:\/\/guiadenoticias.com.ar\/diario\/?p=4872"},"modified":"2016-10-18T02:46:40","modified_gmt":"2016-10-18T05:46:40","slug":"un-17-varias-lealtades","status":"publish","type":"post","link":"https:\/\/guiadenoticias.com.ar\/diario\/un-17-varias-lealtades\/","title":{"rendered":"Un 17, varias lealtades"},"content":{"rendered":"<p>El peronismo conmemor\u00f3 el D\u00eda de la Lealtad con m\u00e1s de diez actos en distintos puntos del pa\u00eds, en lo que parece constituir una fotograf\u00eda de la divisi\u00f3n que impera en el justicialismo tras la derrota electoral de 2015, y en funci\u00f3n de los armados que comienzan a tejerse de cara a las elecciones parlamentarias que se celebrar\u00e1n el a\u00f1o que viene. Sin embargo, Cristina Fern\u00e1ndez desliz\u00f3 que llegado el momento estar\u00e1n todos juntos.<\/p>\n<p>Entre las celebraciones que se llevaron a cabo, se destacaron el acto organizado por el PJ porte\u00f1o en el teatro SHA, que tuvo como protagonista central a la ex presidenta; la conmemoraci\u00f3n del peronismo bonaerense en Berisso y una concentraci\u00f3n del partido FE, que conduce el gremialista rural Ger\u00f3nimo Venegas, af\u00edn a Cambiemos, en La Plata.<\/p>\n<p>Adem\u00e1s, la CGT organiz\u00f3 un recordatorio de la fecha en que surgi\u00f3 el justicialismo en la quinta de San Vicente, donde descansan los restos de Juan Domingo Per\u00f3n, y que cont\u00f3 con la presencia del ex presidente Eduardo Duhalde, el l\u00edder camionero Hugo Moyano y la c\u00fapula de la central obrera.<\/p>\n<p>Por su parte, CFK, sola desde el sur, al hablar por teleconferencia convoc\u00f3 a construir \u00abuna nueva mayor\u00eda que quiebre esta racha hist\u00f3rica\u00bb. \u00abTenemos que construir una mayor\u00eda l\u00facida, esclarecida y que sepa defender sus intereses. Ese es nuestro desaf\u00edo y la tarea en la que debemos comprometernos como militantes, en las calles, en el barrio, en las universidades y en los lugares de trabajo\u00bb, se\u00f1al\u00f3. La ex mandataria expres\u00f3 que \u00abm\u00e1s all\u00e1 de las diferencias y la forma en la que se expresan las ideas\u00bb, el peronismo es un movimiento pol\u00edtico comprometido \u00abcon la defensa de los m\u00e1s d\u00e9biles\u00bb.<\/p>\n<p>Durante su mensaje, \u00a0sostuvo que la gesti\u00f3n macrista hizo \u00abperder calidad de vida a varios sectores de la poblaci\u00f3n\u00bb, al tiempo que hizo una comparaci\u00f3n con su gobierno. \u00abAntes no viv\u00edamos en Disneylandia y no todo era perfecto, pero el a\u00f1o pasado la mayor\u00eda estaba mejor de lo que estamos ahora\u00bb, sostuvo.<\/p>\n<p>Asimismo, la ex presidente hizo hincapi\u00e9 en que hay que formar \u00abun gran frente nacional\u00bb, aunque nunca poniendo a su persona como estandarte: \u00abTenemos que hacer un acto de militancia, de volver a organizarnos, de estar en todos y cada uno de los lugares con mayor intensidad. En las f\u00e1bricas, universidad, taller, comercio, laboratorio, calle, barrio. De modo tal de trabajar muy duramente en un proceso formidable de concientizaci\u00f3n popular\u00bb.<\/p>\n<p>Sobre esto aclar\u00f3 que para lograrlo \u00abno alcanza solo con los peronistas\u00bb sino que hay que incluir a los \u00abkirchneristas que no son peronistas, amigos radicales\u00bb, porque \u00abhay mucha gente que no est\u00e1 identificada con una corriente pol\u00edtica, pero le hicieron creer que estaba desligada completamente de quien gobernara\u00bb.<\/p>\n<p>En tanto que el titular del Partido Justicialista bonaerense, Fernando Espinoza, junto al ex gobernador bonaerense y actual vicepresidente del PJ nacional, Daniel Scioli \u2013 a quien le desapareci\u00f3 el celular durante el acto -, convocaron \u00a0a \u00abiniciar un camino de unidad\u00bb para defender los intereses de las mayor\u00edas populares y ganar las elecciones legislativas del a\u00f1o pr\u00f3ximo.<\/p>\n<p>\u00abVenimos a iniciar ese camino trazado el 17 de octubre de 1945, y desde la cuna del peronismo a convocar a la unidad de todos los peronistas, sin exclusiones y que trabajemos juntos para defender los intereses de las mayor\u00edas populares para derrotar en 2017 de esta derecha neoliberal que gobierna la Argentina\u00bb, dijo Espinoza.<\/p>\n<p>Scioli asegur\u00f3: \u00abNo estamos divididos, nos quieren dividir. Como quieren hacer con La Matanza, pero este acto demuestra que nos encuentran unidos para defender los derechos de los trabajadores y los m\u00e1s humildes\u00bb. Y agreg\u00f3: \u00abQueremos, adem\u00e1s, contarle al pueblo argentino nuestra visi\u00f3n de futuro y eso es lo que nos preocupa y nos ocupa\u00bb.<\/p>\n<p>La CGT opt\u00f3 por un lugar emblem\u00e1tico, la quinta de San Vicente. El encuentro, que estaba citado para las 11, arranc\u00f3 cerca del mediod\u00eda y, si bien se especulaba con la posible presencia del l\u00edder del Frente Renovador, Sergio Massa, finalmente no se hizo presente. Massa peg\u00f3 el faltazo tambi\u00e9n a una actividad planificada en Tres de Febrero.<\/p>\n<p>El bono de fin de a\u00f1o que comenzar\u00e1 a ser debatido a partir del mi\u00e9rcoles en la mesa tripartita convocada por el Gobierno, la situaci\u00f3n nacional y del peronismo fueron algunos de los temas que acapararon la atenci\u00f3n de los protagonistas de esta jornada.<\/p>\n<p>Por su parte, el titular del Sindicato de Trabajadores Rurales y Estibadores (Uatre), Ger\u00f3nimo \u00abMomo\u00bb Venegas, asegur\u00f3 que \u00abel kirchnerismo no es peronismo\u00bb y dijo que la verdadera renovaci\u00f3n del justicialismo \u00abest\u00e1 en el Partido Fe, que hoy forma parte de Cambiemos\u00bb.<\/p>\n<p>\u00abAc\u00e1 estuvo todo el peronismo que no tuvo nada que ver con la corrupci\u00f3n ni con la f\u00e1brica de pobres\u00bb, dispar\u00f3. En el acto del peronista macrista estuvieron los ministros de Seguridad bonaerense, Cristian Ritondo; y de Producci\u00f3n, Joaqu\u00edn de la Torre; \u00a0y los intendentes de La Plata, Julio Garro; de Azul, Hern\u00e1n Bertellys y el ex jefe comunal de Malvinas Argentinas, Jes\u00fas Cariglino, entre otros.<\/p>\n","protected":false},"excerpt":{"rendered":"<p>El peronismo conmemor\u00f3 el D\u00eda de la Lealtad con m\u00e1s de diez actos en distintos puntos del pa\u00eds, en lo que parece constituir una fotograf\u00eda de la divisi\u00f3n que impera en el justicialismo tras la derrota electoral de 2015, y en funci\u00f3n de los armados que comienzan a tejerse de cara a las elecciones parlamentarias [&hellip;]<\/p>\n","protected":false},"author":1,"featured_media":4873,"comment_status":"closed","ping_status":"open","sticky":false,"template":"","format":"standard","meta":{"footnotes":""},"categories":[30,48],"tags":[],"class_list":{"0":"post-4872","1":"post","2":"type-post","3":"status-publish","4":"format-standard","5":"has-post-thumbnail","7":"category-nacion","8":"category-politica-argentina"},"aioseo_notices":[],"_links":{"self":[{"href":"https:\/\/guiadenoticias.com.ar\/diario\/wp-json\/wp\/v2\/posts\/4872","targetHints":{"allow":["GET"]}}],"collection":[{"href":"https:\/\/guiadenoticias.com.ar\/diario\/wp-json\/wp\/v2\/posts"}],"about":[{"href":"https:\/\/guiadenoticias.com.ar\/diario\/wp-json\/wp\/v2\/types\/post"}],"author":[{"embeddable":true,"href":"https:\/\/guiadenoticias.com.ar\/diario\/wp-json\/wp\/v2\/users\/1"}],"replies":[{"embeddable":true,"href":"https:\/\/guiadenoticias.com.ar\/diario\/wp-json\/wp\/v2\/comments?post=4872"}],"version-history":[{"count":1,"href":"https:\/\/guiadenoticias.com.ar\/diario\/wp-json\/wp\/v2\/posts\/4872\/revisions"}],"predecessor-version":[{"id":4874,"href":"https:\/\/guiadenoticias.com.ar\/diario\/wp-json\/wp\/v2\/posts\/4872\/revisions\/4874"}],"wp:featuredmedia":[{"embeddable":true,"href":"https:\/\/guiadenoticias.com.ar\/diario\/wp-json\/wp\/v2\/media\/4873"}],"wp:attachment":[{"href":"https:\/\/guiadenoticias.com.ar\/diario\/wp-json\/wp\/v2\/media?parent=4872"}],"wp:term":[{"taxonomy":"category","embeddable":true,"href":"https:\/\/guiadenoticias.com.ar\/diario\/wp-json\/wp\/v2\/categories?post=4872"},{"taxonomy":"post_tag","embeddable":true,"href":"https:\/\/guiadenoticias.com.ar\/diario\/wp-json\/wp\/v2\/tags?post=4872"}],"curies":[{"name":"wp","href":"https:\/\/api.w.org\/{rel}","templated":true}]}}