{"id":4876,"date":"2016-10-19T13:24:49","date_gmt":"2016-10-19T16:24:49","guid":{"rendered":"http:\/\/guiadenoticias.com.ar\/diario\/?p=4876"},"modified":"2016-10-19T13:25:11","modified_gmt":"2016-10-19T16:25:11","slug":"controversia-por-la-evaluacion-escolar-aprender","status":"publish","type":"post","link":"https:\/\/guiadenoticias.com.ar\/diario\/controversia-por-la-evaluacion-escolar-aprender\/","title":{"rendered":"Controversia por la evaluaci\u00f3n escolar Aprender"},"content":{"rendered":"<p>De acuerdo con las im\u00e1genes que trascendieron, parte del examen est\u00e1 destinada a conocer la situaci\u00f3n personal y social del estudiante: \u00ab\u00bfAlguien de tu familia recibe la Asignaci\u00f3n Universal por Hijo u otro programa social?\u00bb, \u00ab\u00bfcu\u00e1l es el nivel educativo de tu pap\u00e1?\u00bb, \u00ab\u00bfalguien en tu casa es descendiente de pueblos ind\u00edgenas?\u00bb.<\/p>\n<p>Este segmento del cuestionario \u00abse aplica desde much\u00edsimos a\u00f1os\u00bb y tienen el prop\u00f3sito de \u00abdeterminar la condici\u00f3n de ingresos de la familia y a su condici\u00f3n de vulnerabilidad\u00bb, explic\u00f3 Elena Duro, secretaria de Evaluaci\u00f3n educativa del Ministerio de Educaci\u00f3n. La declaraci\u00f3n fue en respuesta al rechazo expresado por sectores gremiales docentes y agrupaciones estudiantiles.<\/p>\n<p>Tambi\u00e9n hay un tramo de la prueba ideado para que el alumno indique c\u00f3mo es la convivencia diaria en el aula. \u00ab\u00bfLas maestras y maestros se enojan con ustedes?\u00bb, \u00ab\u00bfLas maestras y maestros te explican los temas hasta que los entend\u00e9s?\u00bb, \u00ab\u00bflas maestras y maestros te escuchan?\u00bb, son algunas de las preguntas que se filtraron.<\/p>\n<p>Otra secci\u00f3n de la encuesta apunta a que los alumnos hagan una autoevaluaci\u00f3n: \u00ab\u00bfC\u00f3mo te va en tu clase de lengua?\u00bb, \u00ab\u00bfc\u00f3mo le\u00e9s?\u00bb,\u00bb\u00bfc\u00f3mo escrib\u00eds?\u00bb, \u00ab\u00bfc\u00f3mo resolv\u00e9s problemas de matem\u00e1tica?\u00bb.<\/p>\n<p>Tambi\u00e9n se revelaron algunos de los ejercicios de Matem\u00e1tica que los j\u00f3venes resolvieron. \u00ab\u00bfCu\u00e1ntas horas hay en una semana de 5 d\u00edas?\u00bb, \u00abIgnacio y Stella quieren comprar 18 alfajores que cuestan 12 pesos cada uno, \u00bfqu\u00e9 calculo te permite hallar el precio de los 18 alfajores?\u00bb.<\/p>\n<p>Participaron de las pruebas todos los estudiantes que est\u00e9n cursando 6\u00b0 grado de primaria y 5\u00b0\/6\u00b0 a\u00f1o del secundario (seg\u00fan el sistema de nivel de cada jurisdicci\u00f3n) y una muestra representativa de alumnos de 3\u00b0 grado de primaria y de 2\u00b0 o 3\u00b0 a\u00f1o de nivel medio dependiendo tambi\u00e9n del sistema existente en cada provincia.<\/p>\n<p>El presidente Mauricio Macri pidi\u00f3 \u00abcolaboraci\u00f3n\u00bb a todos los sectores para la evaluaci\u00f3n: \u00abQueremos saber cu\u00e1l es el punto de partida en la educaci\u00f3n p\u00fablica sin enga\u00f1arnos y saber desde ah\u00ed qu\u00e9 capacitaci\u00f3n necesitan nuestros docentes\u00bb.<\/p>\n<p>La cartera educativa detall\u00f3 que los alumnos de primaria y de 2\u00b0o 3\u00b0a\u00f1o de la secundaria responder\u00e1n sobre Lengua y Matem\u00e1tica, mientras que los estudiantes de 5\u00b0\/6\u00b0 a\u00f1o del secundario ser\u00e1n evaluados en Ciencias Naturales y Sociales, adem\u00e1s de las asignaturas mencionadas.<\/p>\n<p>El mi\u00e9rcoles, s\u00f3lo los alumnos de 5\u00b0\/ 6\u00b0 a\u00f1o del nivel secundario rindieron pruebas adicionales, ya que en esos a\u00f1os se eval\u00faan cuatro \u00e1reas.<\/p>\n<p>Seg\u00fan se inform\u00f3, las pruebas estar\u00e1n acompa\u00f1adas de un cuestionario de contexto sobre factores asociados, que responder\u00e1n directores, docentes y alumnos a fin de obtener informaci\u00f3n valiosa sobre algunos aspectos que inciden en los aprendizajes.<\/p>\n<p>Los resultados de \u00abAprender\u00bb se conocer\u00e1n a partir del primer trimestre del ciclo lectivo 2017, respetando el anonimato de los estudiantes y las escuelas, acorde a lo establecido en la Ley de Educaci\u00f3n Nacional.<\/p>\n","protected":false},"excerpt":{"rendered":"<p>De acuerdo con las im\u00e1genes que trascendieron, parte del examen est\u00e1 destinada a conocer la situaci\u00f3n personal y social del estudiante: \u00ab\u00bfAlguien de tu familia recibe la Asignaci\u00f3n Universal por Hijo u otro programa social?\u00bb, \u00ab\u00bfcu\u00e1l es el nivel educativo de tu pap\u00e1?\u00bb, \u00ab\u00bfalguien en tu casa es descendiente de pueblos ind\u00edgenas?\u00bb. Este segmento del [&hellip;]<\/p>\n","protected":false},"author":1,"featured_media":4877,"comment_status":"closed","ping_status":"open","sticky":false,"template":"","format":"standard","meta":{"footnotes":""},"categories":[50,19,30],"tags":[],"class_list":{"0":"post-4876","1":"post","2":"type-post","3":"status-publish","4":"format-standard","5":"has-post-thumbnail","7":"category-cultura","8":"category-informacion-general","9":"category-nacion"},"aioseo_notices":[],"_links":{"self":[{"href":"https:\/\/guiadenoticias.com.ar\/diario\/wp-json\/wp\/v2\/posts\/4876","targetHints":{"allow":["GET"]}}],"collection":[{"href":"https:\/\/guiadenoticias.com.ar\/diario\/wp-json\/wp\/v2\/posts"}],"about":[{"href":"https:\/\/guiadenoticias.com.ar\/diario\/wp-json\/wp\/v2\/types\/post"}],"author":[{"embeddable":true,"href":"https:\/\/guiadenoticias.com.ar\/diario\/wp-json\/wp\/v2\/users\/1"}],"replies":[{"embeddable":true,"href":"https:\/\/guiadenoticias.com.ar\/diario\/wp-json\/wp\/v2\/comments?post=4876"}],"version-history":[{"count":1,"href":"https:\/\/guiadenoticias.com.ar\/diario\/wp-json\/wp\/v2\/posts\/4876\/revisions"}],"predecessor-version":[{"id":4878,"href":"https:\/\/guiadenoticias.com.ar\/diario\/wp-json\/wp\/v2\/posts\/4876\/revisions\/4878"}],"wp:featuredmedia":[{"embeddable":true,"href":"https:\/\/guiadenoticias.com.ar\/diario\/wp-json\/wp\/v2\/media\/4877"}],"wp:attachment":[{"href":"https:\/\/guiadenoticias.com.ar\/diario\/wp-json\/wp\/v2\/media?parent=4876"}],"wp:term":[{"taxonomy":"category","embeddable":true,"href":"https:\/\/guiadenoticias.com.ar\/diario\/wp-json\/wp\/v2\/categories?post=4876"},{"taxonomy":"post_tag","embeddable":true,"href":"https:\/\/guiadenoticias.com.ar\/diario\/wp-json\/wp\/v2\/tags?post=4876"}],"curies":[{"name":"wp","href":"https:\/\/api.w.org\/{rel}","templated":true}]}}