{"id":4880,"date":"2016-10-19T13:37:48","date_gmt":"2016-10-19T16:37:48","guid":{"rendered":"http:\/\/guiadenoticias.com.ar\/diario\/?p=4880"},"modified":"2016-10-19T13:38:07","modified_gmt":"2016-10-19T16:38:07","slug":"las-trabajadoras-municipales-se-suman-al-miercoles-negro","status":"publish","type":"post","link":"https:\/\/guiadenoticias.com.ar\/diario\/las-trabajadoras-municipales-se-suman-al-miercoles-negro\/","title":{"rendered":"Las trabajadoras municipales se suman al \u201cMi\u00e9rcoles Negro\u201d"},"content":{"rendered":"<p>El municipio a trav\u00e9s del Consejo Mujeres de Ituzaing\u00f3 por la Igualdad de G\u00e9nero se suma a la iniciativa difundida como \u201cMi\u00e9rcoles negro\u201d, la cual consiste en un paro por parte de las trabajadoras municipales el mi\u00e9rcoles 19 de octubre de 13 a 14 horas, con una concentraci\u00f3n en Peatonal Eva Per\u00f3n 848.<\/p>\n<p>Bajo las consignas \u201cNi una menos\u201d y \u201cVivas nos queremos\u201d, las mujeres salen nuevamente a las calles para alzar su voz en contra de los femicidios y la violencia de g\u00e9nero que termina con la vida de una mujer cada 30 horas.<\/p>\n<p>\u201cEl brutal femicidio de Luc\u00eda P\u00e9rez en Mar del Plata y los casos que conocimos estos d\u00edas son s\u00f3lo un reflejo de la realidad violenta que vivimos las mujeres d\u00eda a d\u00eda, una problem\u00e1tica que necesita ser visibilizada y por eso decidimos sumarnos a esta iniciativa, pero tambi\u00e9n sabemos que para combatir la violencia de g\u00e9nero necesitamos que sea una pol\u00edtica de Estado, como lo es en Ituzaing\u00f3 desde el a\u00f1o 2010 cuando el intendente decidi\u00f3 crear el Consejo\u201d, sostuvo la titular del Consejo Mujeres de Ituzaing\u00f3 por la Igualdad de G\u00e9nero, Marta P\u00e9rez.<\/p>\n","protected":false},"excerpt":{"rendered":"<p>El municipio a trav\u00e9s del Consejo Mujeres de Ituzaing\u00f3 por la Igualdad de G\u00e9nero se suma a la iniciativa difundida como \u201cMi\u00e9rcoles negro\u201d, la cual consiste en un paro por parte de las trabajadoras municipales el mi\u00e9rcoles 19 de octubre de 13 a 14 horas, con una concentraci\u00f3n en Peatonal Eva Per\u00f3n 848. Bajo las [&hellip;]<\/p>\n","protected":false},"author":1,"featured_media":4881,"comment_status":"closed","ping_status":"open","sticky":false,"template":"","format":"standard","meta":{"footnotes":""},"categories":[19,29,20],"tags":[],"class_list":{"0":"post-4880","1":"post","2":"type-post","3":"status-publish","4":"format-standard","5":"has-post-thumbnail","7":"category-informacion-general","8":"category-ituzaingo","9":"category-municipios"},"aioseo_notices":[],"_links":{"self":[{"href":"https:\/\/guiadenoticias.com.ar\/diario\/wp-json\/wp\/v2\/posts\/4880","targetHints":{"allow":["GET"]}}],"collection":[{"href":"https:\/\/guiadenoticias.com.ar\/diario\/wp-json\/wp\/v2\/posts"}],"about":[{"href":"https:\/\/guiadenoticias.com.ar\/diario\/wp-json\/wp\/v2\/types\/post"}],"author":[{"embeddable":true,"href":"https:\/\/guiadenoticias.com.ar\/diario\/wp-json\/wp\/v2\/users\/1"}],"replies":[{"embeddable":true,"href":"https:\/\/guiadenoticias.com.ar\/diario\/wp-json\/wp\/v2\/comments?post=4880"}],"version-history":[{"count":1,"href":"https:\/\/guiadenoticias.com.ar\/diario\/wp-json\/wp\/v2\/posts\/4880\/revisions"}],"predecessor-version":[{"id":4882,"href":"https:\/\/guiadenoticias.com.ar\/diario\/wp-json\/wp\/v2\/posts\/4880\/revisions\/4882"}],"wp:featuredmedia":[{"embeddable":true,"href":"https:\/\/guiadenoticias.com.ar\/diario\/wp-json\/wp\/v2\/media\/4881"}],"wp:attachment":[{"href":"https:\/\/guiadenoticias.com.ar\/diario\/wp-json\/wp\/v2\/media?parent=4880"}],"wp:term":[{"taxonomy":"category","embeddable":true,"href":"https:\/\/guiadenoticias.com.ar\/diario\/wp-json\/wp\/v2\/categories?post=4880"},{"taxonomy":"post_tag","embeddable":true,"href":"https:\/\/guiadenoticias.com.ar\/diario\/wp-json\/wp\/v2\/tags?post=4880"}],"curies":[{"name":"wp","href":"https:\/\/api.w.org\/{rel}","templated":true}]}}