{"id":4884,"date":"2016-10-19T16:53:05","date_gmt":"2016-10-19T19:53:05","guid":{"rendered":"http:\/\/guiadenoticias.com.ar\/diario\/?p=4884"},"modified":"2016-10-19T16:55:10","modified_gmt":"2016-10-19T19:55:10","slug":"diputadas-nacionales-dan-la-pelea-por-la-paridad-de-genero","status":"publish","type":"post","link":"https:\/\/guiadenoticias.com.ar\/diario\/diputadas-nacionales-dan-la-pelea-por-la-paridad-de-genero\/","title":{"rendered":"Diputadas y dirigentes dan pelea por la paridad de g\u00e9nero"},"content":{"rendered":"<p>A pocas horas de la votaci\u00f3n que se llevar\u00e1 a cabo en el Congreso de la Naci\u00f3n respecto del proyecto de paridad de g\u00e9nero en las listas electorales, diputadas y referentes de distintos espacios pol\u00edticos sumaron su apoyo y expresaron la necesidad de avanzar en la aprobaci\u00f3n de esta normativa durante la sesi\u00f3n del mi\u00e9rcoles.<\/p>\n<p>La diputada por el GEN Margarita Stolbizer afirm\u00f3: \u201cM\u00e1s mujeres en el Congreso mejoran y completan la agenda desde la perspectiva de g\u00e9nero. Se exige a las mujeres llegar mostrando capacidades cuando esa no es una condici\u00f3n que se exija a los varones. Todos y todas deber\u00edan tener capacidades e integridad para la funci\u00f3n\u201d. Adem\u00e1s, agreg\u00f3, queremos un contrato social con los varones para erradicar la violencia de g\u00e9nero y construir un pa\u00eds igualitario. M\u00e1s mujeres en el Congreso defender\u00e1n mejor la b\u00fasqueda de igualdad de trato y oportunidades\u201d.<\/p>\n<p>Malena Galmarini, referente de pol\u00edticas de g\u00e9nero y sociales del Frente Renovador, se\u00f1al\u00f3: \u201cEn Argentina las mujeres son mayor\u00eda y tambi\u00e9n son las m\u00e1s vulneradas, las m\u00e1s pobres y las que m\u00e1s sufren la violencia. Necesitamos cambiar esta realidad y la representaci\u00f3n en la pol\u00edtica es una herramienta fundamental si queremos que no nos traten m\u00e1s como una minor\u00eda. Esta no es una discusi\u00f3n acerca de cargos o de nombres, es una cuesti\u00f3n de justicia y es una reforma pol\u00edtica que, adem\u00e1s, apunta a tener una representaci\u00f3n m\u00e1s igualitaria. Tenemos la oportunidad hist\u00f3rica de transformar el \u2018Mi\u00e9rcoles negro\u2019 en un d\u00eda hist\u00f3rico para las mujeres en Argentina, si logramos sancionar la Ley de Paridad\u201d.<\/p>\n<p>Por su parte, Victoria Donda, diputada nacional por Libres del Sur, sostuvo que \u201cla ley no hace m\u00e1s que cumplir con la Constituci\u00f3n Nacional, que en art\u00edculo 75 le impone al Congreso la obligaci\u00f3n de legislar y promover medidas de acci\u00f3n positiva que garanticen la igualdad real de oportunidades y de trato. Esto no es m\u00e1s que garantizar la igualdad de condiciones en la participaci\u00f3n. El argumento de la capacidad es una falacia que pone en evidencia la misoginia de la pol\u00edtica. Mientras estemos discutiendo la paridad en el recinto, en las calles las mujeres llevar\u00e1n adelante una movilizaci\u00f3n para erradicar la violencia machista que en octubre ya mat\u00f3 a 21 mujeres. No podemos ir a contramano de lo que sucede en la calle, no podemos darle la espalda a una sociedad que pide vivir libre de violencia\u201d.<\/p>\n<p>Carla Carrizo, diputada nacional por el Interbloque UCR &#8211; Cambiemos, resalt\u00f3 que \u201cel \u00e9xito de esta iniciativa fue entender que los derechos no tienen partidos. Trabajamos en conjunto y por eso logramos incorporar la paridad a la reforma cumpliendo con la Constituci\u00f3n, que dice que para garantizar la igualdad entre hombres y mujeres hay que regularizar la ley con discriminaciones positivas que superen la arbitrariedad, hasta que culturalmente la igualdad ocurra. La UCR, que ha hecho de la lucha por la igualdad su bandera hist\u00f3rica, tiene muy claro el valor de la paridad\u201d<\/p>\n<p>Y Carla Pitiot, diputada nacional del Frente Renovador, reafirm\u00f3 la postura del bloque massista: \u201cLa Paridad significa una transformaci\u00f3n en la sociedad en la que hombres y mujeres entendamos que los espacios de poder se comparten y se pelean, pero siempre en igualdad de condiciones. La paridad debe existir en todos los \u00e1mbitos de la vida, no s\u00f3lo en las listas electorales\u201d.<\/p>\n","protected":false},"excerpt":{"rendered":"<p>A pocas horas de la votaci\u00f3n que se llevar\u00e1 a cabo en el Congreso de la Naci\u00f3n respecto del proyecto de paridad de g\u00e9nero en las listas electorales, diputadas y referentes de distintos espacios pol\u00edticos sumaron su apoyo y expresaron la necesidad de avanzar en la aprobaci\u00f3n de esta normativa durante la sesi\u00f3n del mi\u00e9rcoles. [&hellip;]<\/p>\n","protected":false},"author":1,"featured_media":4885,"comment_status":"closed","ping_status":"open","sticky":false,"template":"","format":"standard","meta":{"footnotes":""},"categories":[30,48],"tags":[],"class_list":{"0":"post-4884","1":"post","2":"type-post","3":"status-publish","4":"format-standard","5":"has-post-thumbnail","7":"category-nacion","8":"category-politica-argentina"},"aioseo_notices":[],"_links":{"self":[{"href":"https:\/\/guiadenoticias.com.ar\/diario\/wp-json\/wp\/v2\/posts\/4884","targetHints":{"allow":["GET"]}}],"collection":[{"href":"https:\/\/guiadenoticias.com.ar\/diario\/wp-json\/wp\/v2\/posts"}],"about":[{"href":"https:\/\/guiadenoticias.com.ar\/diario\/wp-json\/wp\/v2\/types\/post"}],"author":[{"embeddable":true,"href":"https:\/\/guiadenoticias.com.ar\/diario\/wp-json\/wp\/v2\/users\/1"}],"replies":[{"embeddable":true,"href":"https:\/\/guiadenoticias.com.ar\/diario\/wp-json\/wp\/v2\/comments?post=4884"}],"version-history":[{"count":3,"href":"https:\/\/guiadenoticias.com.ar\/diario\/wp-json\/wp\/v2\/posts\/4884\/revisions"}],"predecessor-version":[{"id":4888,"href":"https:\/\/guiadenoticias.com.ar\/diario\/wp-json\/wp\/v2\/posts\/4884\/revisions\/4888"}],"wp:featuredmedia":[{"embeddable":true,"href":"https:\/\/guiadenoticias.com.ar\/diario\/wp-json\/wp\/v2\/media\/4885"}],"wp:attachment":[{"href":"https:\/\/guiadenoticias.com.ar\/diario\/wp-json\/wp\/v2\/media?parent=4884"}],"wp:term":[{"taxonomy":"category","embeddable":true,"href":"https:\/\/guiadenoticias.com.ar\/diario\/wp-json\/wp\/v2\/categories?post=4884"},{"taxonomy":"post_tag","embeddable":true,"href":"https:\/\/guiadenoticias.com.ar\/diario\/wp-json\/wp\/v2\/tags?post=4884"}],"curies":[{"name":"wp","href":"https:\/\/api.w.org\/{rel}","templated":true}]}}