{"id":4898,"date":"2016-10-19T21:00:35","date_gmt":"2016-10-20T00:00:35","guid":{"rendered":"http:\/\/guiadenoticias.com.ar\/diario\/?p=4898"},"modified":"2016-10-19T21:02:27","modified_gmt":"2016-10-20T00:02:27","slug":"la-fiscalia-de-genero-en-medio-de-fuego-cruzado","status":"publish","type":"post","link":"https:\/\/guiadenoticias.com.ar\/diario\/la-fiscalia-de-genero-en-medio-de-fuego-cruzado\/","title":{"rendered":"La Fiscal\u00eda de g\u00e9nero, en medio de fuego cruzado"},"content":{"rendered":"<p>Con los votos de Cambiemos y el massismo en Diputados, se emiti\u00f3 dictamen de comisi\u00f3n a favor del proyecto que busca modificar el Ministerio P\u00fablico Fiscal. Sin embargo, una inesperada pol\u00e9mica surgi\u00f3 en v\u00edsperas del \u201cMi\u00e9rcoles Negro\u201d, en la iniciativa parlamentaria no se incluy\u00f3 la Unidad Fiscal contra la Violencia de G\u00e9nero, a cargo de Mariela Labozzetta.<\/p>\n<p>Esa dependencia federal fue creada hace poco m\u00e1s de un a\u00f1o con el fin de prevenir, investigar, sancionar y erradicar la violencia de g\u00e9nero. Por su parte, Labozzetta se mostr\u00f3 \u201csorprendida\u201d por la omisi\u00f3n.<\/p>\n<p>\u201cA menos de 24 horas del primer paro general de mujeres en el pa\u00eds, en clamor por las matanzas sistem\u00e1ticas que estamos sufriendo a diario, el proyecto de reforma del Ministerio P\u00fablico no contempla en ning\u00fan lugar la creaci\u00f3n de una Unidad especializada pese a que se modifica el cap\u00edtulo espec\u00edfico de la ley anterior, en donde se regulaba la creaci\u00f3n de procuradur\u00edas especializadas de narcotr\u00e1fico, de criminalidad econ\u00f3mica, de trata de personas, pero no se incorpora en ning\u00fan momento ninguna unidad especializada que trate violencia de g\u00e9nero\u201d, se\u00f1al\u00f3 la fiscal.<\/p>\n<p>Para la funcionaria, hay dos lecturas posibles en la omisi\u00f3n. \u201cUna es que se haya quitado deliberadamente, lo cual ser\u00eda alarmante, en este contexto social. Y la otra es que se deba a un descuido o a un olvido, lo cual tambi\u00e9n es alarmante porque quiere decir que no est\u00e1 en la agenda oficial de ning\u00fan modo el tema de violencia de g\u00e9nero pese a lo que est\u00e1 ocurriendo\u201d.<\/p>\n<p>A modo de conclusi\u00f3n, la fiscal expres\u00f3: \u201cHay una serie de cuestiones que nos preocupan como fiscales, m\u00e1s all\u00e1 de la disputa que est\u00e1 ocurriendo \u2013 con la procuradora Gils Carb\u00f3 -. Como fiscales nos preocupa que se transforme el organismo atentando contra la autonom\u00eda del Ministerio P\u00fablico, que es el que tiene que garantizar que funcione independientemente la Justicia\u201d.<\/p>\n<p>La diputada massista Graciela Cama\u00f1o, presidenta de la comisi\u00f3n, dej\u00f3 entrever que a\u00fan hay chances de que la eliminaci\u00f3n de la Unidad contra la Violencia de G\u00e9nero sea revertida. \u201cEl tema de las fiscal\u00edas especiales forma parte de mi disidencia parcial\u201d, coment\u00f3, y agreg\u00f3 respecto de la posibilidad de m\u00e1s modificaciones: \u201cTodav\u00eda falta el recinto. Y ayer hubieron propuestas buenas de reforma\u201d.<\/p>\n<p>El kirchnerismo y la izquierda rechazaron el dictamen propuesto por el interbloque Cambiemos, en tanto, que el bloque Peronista expres\u00f3 un acuerdo general pero propuso nuevas modificaciones puntuales. La intenci\u00f3n del oficialismo es tratar esta reforma en el recinto en una sesi\u00f3n que ser\u00e1 convocada el pr\u00f3ximo 26 de noviembre.<\/p>\n","protected":false},"excerpt":{"rendered":"<p>Con los votos de Cambiemos y el massismo en Diputados, se emiti\u00f3 dictamen de comisi\u00f3n a favor del proyecto que busca modificar el Ministerio P\u00fablico Fiscal. Sin embargo, una inesperada pol\u00e9mica surgi\u00f3 en v\u00edsperas del \u201cMi\u00e9rcoles Negro\u201d, en la iniciativa parlamentaria no se incluy\u00f3 la Unidad Fiscal contra la Violencia de G\u00e9nero, a cargo de [&hellip;]<\/p>\n","protected":false},"author":1,"featured_media":4899,"comment_status":"closed","ping_status":"open","sticky":false,"template":"","format":"standard","meta":{"footnotes":""},"categories":[30,48],"tags":[],"class_list":{"0":"post-4898","1":"post","2":"type-post","3":"status-publish","4":"format-standard","5":"has-post-thumbnail","7":"category-nacion","8":"category-politica-argentina"},"aioseo_notices":[],"_links":{"self":[{"href":"https:\/\/guiadenoticias.com.ar\/diario\/wp-json\/wp\/v2\/posts\/4898","targetHints":{"allow":["GET"]}}],"collection":[{"href":"https:\/\/guiadenoticias.com.ar\/diario\/wp-json\/wp\/v2\/posts"}],"about":[{"href":"https:\/\/guiadenoticias.com.ar\/diario\/wp-json\/wp\/v2\/types\/post"}],"author":[{"embeddable":true,"href":"https:\/\/guiadenoticias.com.ar\/diario\/wp-json\/wp\/v2\/users\/1"}],"replies":[{"embeddable":true,"href":"https:\/\/guiadenoticias.com.ar\/diario\/wp-json\/wp\/v2\/comments?post=4898"}],"version-history":[{"count":1,"href":"https:\/\/guiadenoticias.com.ar\/diario\/wp-json\/wp\/v2\/posts\/4898\/revisions"}],"predecessor-version":[{"id":4900,"href":"https:\/\/guiadenoticias.com.ar\/diario\/wp-json\/wp\/v2\/posts\/4898\/revisions\/4900"}],"wp:featuredmedia":[{"embeddable":true,"href":"https:\/\/guiadenoticias.com.ar\/diario\/wp-json\/wp\/v2\/media\/4899"}],"wp:attachment":[{"href":"https:\/\/guiadenoticias.com.ar\/diario\/wp-json\/wp\/v2\/media?parent=4898"}],"wp:term":[{"taxonomy":"category","embeddable":true,"href":"https:\/\/guiadenoticias.com.ar\/diario\/wp-json\/wp\/v2\/categories?post=4898"},{"taxonomy":"post_tag","embeddable":true,"href":"https:\/\/guiadenoticias.com.ar\/diario\/wp-json\/wp\/v2\/tags?post=4898"}],"curies":[{"name":"wp","href":"https:\/\/api.w.org\/{rel}","templated":true}]}}