{"id":4901,"date":"2016-10-19T21:35:39","date_gmt":"2016-10-20T00:35:39","guid":{"rendered":"http:\/\/guiadenoticias.com.ar\/diario\/?p=4901"},"modified":"2016-10-19T21:35:55","modified_gmt":"2016-10-20T00:35:55","slug":"bono-si-paritaria-no","status":"publish","type":"post","link":"https:\/\/guiadenoticias.com.ar\/diario\/bono-si-paritaria-no\/","title":{"rendered":"Bono s\u00ed, paritaria no"},"content":{"rendered":"<p>Luego de una cumbre de m\u00e1s de tres horas, el Gobierno lleg\u00f3 a un acuerdo con los representantes de la CGT y de los empresarios para que ambas partes negocien un bono de fin de a\u00f1o con un piso de 2.000 pesos, que se definir\u00e1 sector por sector. No se analiz\u00f3 el caso de los estatales.<\/p>\n<p>\u00abEsto es un documento pol\u00edtico, no es un decreto, ni una orden judicial. Lo que s\u00ed manifiesta es un acuerdo de todos los que fueron hoy\u00bb, afirm\u00f3 el jefe de Gabinete, Marcos Pe\u00f1a, tras la reuni\u00f3n. Definieron asimismo que tras este primer encuentro volver\u00e1n a sentarse el pr\u00f3ximo 15 de noviembre y luego el 15 de diciembre.<\/p>\n<p>A la conferencia de prensa en Casa Rosada que encabez\u00f3 Pe\u00f1a tambi\u00e9n asistieron los ministros de Trabajo, Jorge Triaca; de Hacienda, Alfonso Prat Gay; de Producci\u00f3n, Francisco Cabrera; de Desarrollo Social, Carolina Stanley; y el secretario de Coordinaci\u00f3n Interministerial, Mario Quintana, quienes participaron de la reuni\u00f3n \u00abDi\u00e1logo para la producci\u00f3n y el trabajo\u00bb.<\/p>\n<p>Los funcionarios aclararon que el acuerdo no contempla a los trabajadores estatales. Adem\u00e1s, dieron a entender que a ra\u00edz del bono no se avalar\u00e1 la reapertura de paritarias, como reclaman algunos sindicatos, y confiaron en que el paro de la CGT, cuya fecha nunca fue definida, quedar\u00e1 sin efecto.<\/p>\n<p>Por la central obrera participaron los integrantes del triunvirato de secretarios generales, Carlos Acu\u00f1a, H\u00e9ctor Daer y Juan Carlos Schmid, junto a otros dirigentes sindicales. No obstante, Pablo Moyano, titular del gremio de Camioneros; Roberto Fern\u00e1ndez, de UTA; y Armando Cavalieri, de Comercio, fueron algunos de los grandes ausentes del encuentro.<\/p>\n<p>En tanto, la Iglesia envi\u00f3 una carta al presidente Macri agradeciendo y valorando la convocatoria a la mesa del di\u00e1logo. La esquela enviada al jefe de Estado lleva las firmas del presidente de la Conferencia Episcopal Argentina, Jos\u00e9 Mar\u00eda Arancedo; y del secretario general, Carlos Malfa.<\/p>\n","protected":false},"excerpt":{"rendered":"<p>Luego de una cumbre de m\u00e1s de tres horas, el Gobierno lleg\u00f3 a un acuerdo con los representantes de la CGT y de los empresarios para que ambas partes negocien un bono de fin de a\u00f1o con un piso de 2.000 pesos, que se definir\u00e1 sector por sector. No se analiz\u00f3 el caso de los [&hellip;]<\/p>\n","protected":false},"author":1,"featured_media":4902,"comment_status":"closed","ping_status":"open","sticky":false,"template":"","format":"standard","meta":{"footnotes":""},"categories":[49,30,48],"tags":[],"class_list":{"0":"post-4901","1":"post","2":"type-post","3":"status-publish","4":"format-standard","5":"has-post-thumbnail","7":"category-economia-y-gremiales","8":"category-nacion","9":"category-politica-argentina"},"aioseo_notices":[],"_links":{"self":[{"href":"https:\/\/guiadenoticias.com.ar\/diario\/wp-json\/wp\/v2\/posts\/4901","targetHints":{"allow":["GET"]}}],"collection":[{"href":"https:\/\/guiadenoticias.com.ar\/diario\/wp-json\/wp\/v2\/posts"}],"about":[{"href":"https:\/\/guiadenoticias.com.ar\/diario\/wp-json\/wp\/v2\/types\/post"}],"author":[{"embeddable":true,"href":"https:\/\/guiadenoticias.com.ar\/diario\/wp-json\/wp\/v2\/users\/1"}],"replies":[{"embeddable":true,"href":"https:\/\/guiadenoticias.com.ar\/diario\/wp-json\/wp\/v2\/comments?post=4901"}],"version-history":[{"count":1,"href":"https:\/\/guiadenoticias.com.ar\/diario\/wp-json\/wp\/v2\/posts\/4901\/revisions"}],"predecessor-version":[{"id":4903,"href":"https:\/\/guiadenoticias.com.ar\/diario\/wp-json\/wp\/v2\/posts\/4901\/revisions\/4903"}],"wp:featuredmedia":[{"embeddable":true,"href":"https:\/\/guiadenoticias.com.ar\/diario\/wp-json\/wp\/v2\/media\/4902"}],"wp:attachment":[{"href":"https:\/\/guiadenoticias.com.ar\/diario\/wp-json\/wp\/v2\/media?parent=4901"}],"wp:term":[{"taxonomy":"category","embeddable":true,"href":"https:\/\/guiadenoticias.com.ar\/diario\/wp-json\/wp\/v2\/categories?post=4901"},{"taxonomy":"post_tag","embeddable":true,"href":"https:\/\/guiadenoticias.com.ar\/diario\/wp-json\/wp\/v2\/tags?post=4901"}],"curies":[{"name":"wp","href":"https:\/\/api.w.org\/{rel}","templated":true}]}}