{"id":4912,"date":"2016-10-20T02:31:56","date_gmt":"2016-10-20T05:31:56","guid":{"rendered":"http:\/\/guiadenoticias.com.ar\/diario\/?p=4912"},"modified":"2016-10-20T02:38:06","modified_gmt":"2016-10-20T05:38:06","slug":"los-municipios-tuvieron-tambien-su-miercoles-negro","status":"publish","type":"post","link":"https:\/\/guiadenoticias.com.ar\/diario\/los-municipios-tuvieron-tambien-su-miercoles-negro\/","title":{"rendered":"Los municipios tuvieron tambi\u00e9n su \u201cMi\u00e9rcoles Negro\u201d"},"content":{"rendered":"<p>Mujeres de todo el pa\u00eds realizaron un paro nacional de una hora en contra de la violencia de g\u00e9nero y los femicidios, como preludio a la movilizaci\u00f3n que se realiz\u00f3 a partir de las 17, desde el Obelisco bajo la consigna de #NiUnaMenos. La lluvia no afect\u00f3 a la convocatoria, que levant\u00f3 nuevamente las banderas de \u00abNi una menos\u00bb y \u00abViva nos queremos\u00bb: cientos de mujeres con paraguas y carteles en sus manos se movilizaron hasta Plaza de Mayo.<\/p>\n<p>Esta marcha tuvo eco en varios municipios de la regi\u00f3n de cobertura de Gu\u00eda de Noticias. Por caso, Ituzaing\u00f3 lo viabiliz\u00f3 a trav\u00e9s del Consejo Mujeres por la Igualdad de G\u00e9nero. El intendente de Mor\u00f3n, Ramiro Tagliaferro, opt\u00f3 por una imagen en el hall del municipio rodeado de trabajadoras; las municipales de Tres de Febrero sacaron tambi\u00e9n foto de adhesi\u00f3n.<\/p>\n<p>En San Mart\u00edn, donde hubo movilizaci\u00f3n en la plaza central, el jefe comunal Gabriel Katopodis opin\u00f3: \u201cHoy alzamos la voz para que ninguna mujer vuelva a ser v\u00edctima de un femicidio, es una tarea que nos tiene que encontrar a todos comprometidos y trabajando juntos para garantizar la plenitud de derechos\u201d.<\/p>\n<p>Y agreg\u00f3: \u201cLlevamos adelante una dedicada tarea cotidiana para que las mujeres encuentren en el Estado municipal la contenci\u00f3n y el apoyo que necesitan, con el objetivo de mejorar la calidad de vida sustancialmente\u201d.<\/p>\n<p>En San Isidro tom\u00f3 la delantera el Concejo Deliberante en el repudio de femicidios y toda forma de violencia contra la mujer. Por unanimidad adhiri\u00f3 a las diversas actividades convocadas por distintas organizaciones no gubernamentales en repudio de los femicidios y de toda forma de violencia contra la mujer y reclam\u00f3 la plena aplicaci\u00f3n y cumplimiento de la Ley N\u00b0 26.485 de Protecci\u00f3n Integral de la Mujeres.<\/p>\n<p>La adhesi\u00f3n del legislativo sanisidrense no fue un mero formalismo, sino que de acuerdo a lo solicitado por los organizadores de los actos en todo el pa\u00eds, se sum\u00f3 a un cese de actividades entre las 13 y las 14 para reflexionar sobre este flagelo que azota a la sociedad.<\/p>\n<p>Entre los argumentos que llevaron al Concejo Deliberante a sumarse con a este reclamo, se destaca el aumento de la violencia de g\u00e9nero en la Argentina que es el segundo pa\u00eds de Am\u00e9rica, luego de Brasil, con mayor cantidad de registros de femicidios.<\/p>\n<p>San Fernando fue parte del Mi\u00e9rcoles Negro. En este marco, cientos de vecinas &#8211; entre ellas, funcionarias municipales y concejales &#8211; realizaron una caminata por la calle Constituci\u00f3n, que finaliz\u00f3 en la plaza Mitre. \u00a0\u201cDebemos tomar conciencia que si no protegemos a la familia, una mujer muere dejando sumidos en una gran tragedia a ni\u00f1os, padres y a todo el hogar. Por eso, la prevenci\u00f3n debe ser una pol\u00edtica integral a nivel educativo, trabajando mucho desde las familias\u201d, manifest\u00f3 la secretaria de Salud y Medio Ambiente, Alicia Aparicio.<\/p>\n<p>Adem\u00e1s, expres\u00f3: \u201cAcompa\u00f1amos este movimiento de las mujeres argentinas por justicia, pero m\u00e1s por respeto a la integridad de la mujer\u201d. En tanto, la concejal Corina Ram\u00edrez resalt\u00f3 que \u201cacompa\u00f1amos esta iniciativa el bloque del Frente Renovador, todas las empleadas municipales y la comunidad en conjunto, porque \u2018Ni una menos\u2019 es lo que pretendemos de ac\u00e1 en adelante. Todos los d\u00edas vemos chicas asesinadas, mujeres golpeadas, violadas, maltratadas, chicos que quedan hu\u00e9rfanos, familias destruidas, hogares sin madres; y trabajamos d\u00eda a d\u00eda para que esto no suceda, concientizando para esto\u201d.<\/p>\n","protected":false},"excerpt":{"rendered":"<p>Mujeres de todo el pa\u00eds realizaron un paro nacional de una hora en contra de la violencia de g\u00e9nero y los femicidios, como preludio a la movilizaci\u00f3n que se realiz\u00f3 a partir de las 17, desde el Obelisco bajo la consigna de #NiUnaMenos. La lluvia no afect\u00f3 a la convocatoria, que levant\u00f3 nuevamente las banderas [&hellip;]<\/p>\n","protected":false},"author":1,"featured_media":4913,"comment_status":"closed","ping_status":"open","sticky":false,"template":"","format":"standard","meta":{"footnotes":""},"categories":[19,20,48],"tags":[],"class_list":{"0":"post-4912","1":"post","2":"type-post","3":"status-publish","4":"format-standard","5":"has-post-thumbnail","7":"category-informacion-general","8":"category-municipios","9":"category-politica-argentina"},"aioseo_notices":[],"_links":{"self":[{"href":"https:\/\/guiadenoticias.com.ar\/diario\/wp-json\/wp\/v2\/posts\/4912","targetHints":{"allow":["GET"]}}],"collection":[{"href":"https:\/\/guiadenoticias.com.ar\/diario\/wp-json\/wp\/v2\/posts"}],"about":[{"href":"https:\/\/guiadenoticias.com.ar\/diario\/wp-json\/wp\/v2\/types\/post"}],"author":[{"embeddable":true,"href":"https:\/\/guiadenoticias.com.ar\/diario\/wp-json\/wp\/v2\/users\/1"}],"replies":[{"embeddable":true,"href":"https:\/\/guiadenoticias.com.ar\/diario\/wp-json\/wp\/v2\/comments?post=4912"}],"version-history":[{"count":4,"href":"https:\/\/guiadenoticias.com.ar\/diario\/wp-json\/wp\/v2\/posts\/4912\/revisions"}],"predecessor-version":[{"id":4917,"href":"https:\/\/guiadenoticias.com.ar\/diario\/wp-json\/wp\/v2\/posts\/4912\/revisions\/4917"}],"wp:featuredmedia":[{"embeddable":true,"href":"https:\/\/guiadenoticias.com.ar\/diario\/wp-json\/wp\/v2\/media\/4913"}],"wp:attachment":[{"href":"https:\/\/guiadenoticias.com.ar\/diario\/wp-json\/wp\/v2\/media?parent=4912"}],"wp:term":[{"taxonomy":"category","embeddable":true,"href":"https:\/\/guiadenoticias.com.ar\/diario\/wp-json\/wp\/v2\/categories?post=4912"},{"taxonomy":"post_tag","embeddable":true,"href":"https:\/\/guiadenoticias.com.ar\/diario\/wp-json\/wp\/v2\/tags?post=4912"}],"curies":[{"name":"wp","href":"https:\/\/api.w.org\/{rel}","templated":true}]}}