{"id":4922,"date":"2016-10-21T01:37:15","date_gmt":"2016-10-21T04:37:15","guid":{"rendered":"http:\/\/guiadenoticias.com.ar\/diario\/?p=4922"},"modified":"2016-10-21T01:37:29","modified_gmt":"2016-10-21T04:37:29","slug":"presento-la-renuncia-el-juez-carlos-rozanski","status":"publish","type":"post","link":"https:\/\/guiadenoticias.com.ar\/diario\/presento-la-renuncia-el-juez-carlos-rozanski\/","title":{"rendered":"Present\u00f3 la renuncia el juez Carlos Rozanski"},"content":{"rendered":"<p>El juez federal de La Plata Carlos Rozanski present\u00f3 la renuncia a su cargo en un escrito ante el Ministerio de Justicia de la Naci\u00f3n. Mauricio Macri deber\u00e1 definir si se la acepta o la rechaza.<\/p>\n<p>Rozanski, presidente del Tribunal Oral Federal 1 platense, estaba siendo investigado por la Comisi\u00f3n de Disciplina y Acusaci\u00f3n del Consejo de la Magistratura por supuesto \u00abmaltrato laboral\u00bb contra el personal que ten\u00eda a cargo, una denuncia iniciada por el titular de la Uni\u00f3n de Empleados de la Justicia de la Naci\u00f3n (UEJN), Julio Piumato.<\/p>\n<p>A comienzos de octubre, Rozanski hab\u00eda denunciado a los ocho integrantes de la Comisi\u00f3n de Disciplina y Acusaci\u00f3n, dijo que estaba siendo \u00abbrutalmente perseguido por el Consejo de la Magistratura\u00bb, y los acus\u00f3 de \u00abresucitar\u00bb una denuncia \u00abprescripta y archivada\u00bb. Adem\u00e1s, acus\u00f3 a Piumato de \u00abagravios, ataques y amenazas\u00bb con el fin de obstaculizar juicios de lesa humanidad.<\/p>\n<p>En ese momento, el juez que tuvo a cargo los juicios de La Cacha, Circuito Camps y la Unidad 9, entre otros, asegur\u00f3 que la investigaci\u00f3n de los integrantes de la Comisi\u00f3n de Disciplina y Acusaci\u00f3n estaba \u00abmal iniciada y peor tramitada, con grave lesi\u00f3n a los derechos y garant\u00edas, constitucionales y convencionales, esgrimidas por mi parte\u00bb.<\/p>\n<p>Rozanski presidi\u00f3 el Tribunal Oral Federal 1 de la capital bonaerense que conden\u00f3 en 2006 al represor Miguel Etchecolatz a prisi\u00f3n perpetua por cientos de cr\u00edmenes de lesa humanidad cometidos durante la \u00faltima dictadura. Ese fue el primer juicio por esos delitos tras la anulaci\u00f3n de las leyes de impunidad en la d\u00e9cada del 90.<\/p>\n","protected":false},"excerpt":{"rendered":"<p>El juez federal de La Plata Carlos Rozanski present\u00f3 la renuncia a su cargo en un escrito ante el Ministerio de Justicia de la Naci\u00f3n. Mauricio Macri deber\u00e1 definir si se la acepta o la rechaza. Rozanski, presidente del Tribunal Oral Federal 1 platense, estaba siendo investigado por la Comisi\u00f3n de Disciplina y Acusaci\u00f3n del [&hellip;]<\/p>\n","protected":false},"author":1,"featured_media":4923,"comment_status":"closed","ping_status":"open","sticky":false,"template":"","format":"standard","meta":{"footnotes":""},"categories":[30,48],"tags":[],"class_list":{"0":"post-4922","1":"post","2":"type-post","3":"status-publish","4":"format-standard","5":"has-post-thumbnail","7":"category-nacion","8":"category-politica-argentina"},"aioseo_notices":[],"_links":{"self":[{"href":"https:\/\/guiadenoticias.com.ar\/diario\/wp-json\/wp\/v2\/posts\/4922","targetHints":{"allow":["GET"]}}],"collection":[{"href":"https:\/\/guiadenoticias.com.ar\/diario\/wp-json\/wp\/v2\/posts"}],"about":[{"href":"https:\/\/guiadenoticias.com.ar\/diario\/wp-json\/wp\/v2\/types\/post"}],"author":[{"embeddable":true,"href":"https:\/\/guiadenoticias.com.ar\/diario\/wp-json\/wp\/v2\/users\/1"}],"replies":[{"embeddable":true,"href":"https:\/\/guiadenoticias.com.ar\/diario\/wp-json\/wp\/v2\/comments?post=4922"}],"version-history":[{"count":1,"href":"https:\/\/guiadenoticias.com.ar\/diario\/wp-json\/wp\/v2\/posts\/4922\/revisions"}],"predecessor-version":[{"id":4924,"href":"https:\/\/guiadenoticias.com.ar\/diario\/wp-json\/wp\/v2\/posts\/4922\/revisions\/4924"}],"wp:featuredmedia":[{"embeddable":true,"href":"https:\/\/guiadenoticias.com.ar\/diario\/wp-json\/wp\/v2\/media\/4923"}],"wp:attachment":[{"href":"https:\/\/guiadenoticias.com.ar\/diario\/wp-json\/wp\/v2\/media?parent=4922"}],"wp:term":[{"taxonomy":"category","embeddable":true,"href":"https:\/\/guiadenoticias.com.ar\/diario\/wp-json\/wp\/v2\/categories?post=4922"},{"taxonomy":"post_tag","embeddable":true,"href":"https:\/\/guiadenoticias.com.ar\/diario\/wp-json\/wp\/v2\/tags?post=4922"}],"curies":[{"name":"wp","href":"https:\/\/api.w.org\/{rel}","templated":true}]}}