{"id":4996,"date":"2016-10-25T02:30:57","date_gmt":"2016-10-25T05:30:57","guid":{"rendered":"http:\/\/guiadenoticias.com.ar\/diario\/?p=4996"},"modified":"2016-10-25T02:33:23","modified_gmt":"2016-10-25T05:33:23","slug":"iadepp-participa-de-encuentro-entre-el-gobierno-y-entidades","status":"publish","type":"post","link":"https:\/\/guiadenoticias.com.ar\/diario\/iadepp-participa-de-encuentro-entre-el-gobierno-y-entidades\/","title":{"rendered":"IADEPP participa de encuentro entre el Gobierno y entidades"},"content":{"rendered":"<p>Este martes se llevar\u00e1 adelante una reuni\u00f3n de trabajo en el Ministerio del Interior con el objetivo de poner en marcha un programa nacional que regularice la situaci\u00f3n del medio mill\u00f3n de argentinos que hoy padecen la falta de Documento Nacional de Identidad y el acceso a los derechos m\u00e1s b\u00e1sicos como la educaci\u00f3n, la salud y el trabajo.<\/p>\n<p>En este encuentro se tratar\u00e1 la modificaci\u00f3n del art\u00edculo 29 de la ley N\u00b0 26.413 y la creaci\u00f3n del Programa Nacional de Asistencia a las Personas Indocumentadas, presentada por las organizaciones de la sociedad civil: IADEPP, El Trapito y el Colectivo por los Derechos de la Infancia y Adolescencia, entre otras.<\/p>\n<p>\u201cLa documentaci\u00f3n es una de las primeras batallas contra la pobreza. Una persona sin DNI no puede tener t\u00edtulo escolar, ni trabajar en blanco, ni recibir atenci\u00f3n m\u00e9dica como corresponde\u201d, afirmaron desde IADEPP, y agregaron, \u201ces por eso que proponemos al Ministerio del Interior una acci\u00f3n conjunta para asistir a los miles de argentinos indocumentados\u201d.<\/p>\n<p>La reuni\u00f3n ser\u00e1 coordinada por el secretario de Asuntos Pol\u00edticos e Institucionales, Adri\u00e1n P\u00e9rez, y participar\u00e1n representantes de organizaciones de la sociedad civil y de organismos de gobierno que trabajan en la materia, entre ellas el Instituto Abierto para el Desarrollo y Estudio de Pol\u00edticas P\u00fablicas (IADEPP), con una trayectoria de m\u00e1s de 15 a\u00f1os.<\/p>\n","protected":false},"excerpt":{"rendered":"<p>Este martes se llevar\u00e1 adelante una reuni\u00f3n de trabajo en el Ministerio del Interior con el objetivo de poner en marcha un programa nacional que regularice la situaci\u00f3n del medio mill\u00f3n de argentinos que hoy padecen la falta de Documento Nacional de Identidad y el acceso a los derechos m\u00e1s b\u00e1sicos como la educaci\u00f3n, la [&hellip;]<\/p>\n","protected":false},"author":1,"featured_media":4997,"comment_status":"closed","ping_status":"open","sticky":false,"template":"","format":"standard","meta":{"footnotes":""},"categories":[19,48,21],"tags":[],"class_list":{"0":"post-4996","1":"post","2":"type-post","3":"status-publish","4":"format-standard","5":"has-post-thumbnail","7":"category-informacion-general","8":"category-politica-argentina","9":"category-san-isidro"},"aioseo_notices":[],"_links":{"self":[{"href":"https:\/\/guiadenoticias.com.ar\/diario\/wp-json\/wp\/v2\/posts\/4996","targetHints":{"allow":["GET"]}}],"collection":[{"href":"https:\/\/guiadenoticias.com.ar\/diario\/wp-json\/wp\/v2\/posts"}],"about":[{"href":"https:\/\/guiadenoticias.com.ar\/diario\/wp-json\/wp\/v2\/types\/post"}],"author":[{"embeddable":true,"href":"https:\/\/guiadenoticias.com.ar\/diario\/wp-json\/wp\/v2\/users\/1"}],"replies":[{"embeddable":true,"href":"https:\/\/guiadenoticias.com.ar\/diario\/wp-json\/wp\/v2\/comments?post=4996"}],"version-history":[{"count":3,"href":"https:\/\/guiadenoticias.com.ar\/diario\/wp-json\/wp\/v2\/posts\/4996\/revisions"}],"predecessor-version":[{"id":5000,"href":"https:\/\/guiadenoticias.com.ar\/diario\/wp-json\/wp\/v2\/posts\/4996\/revisions\/5000"}],"wp:featuredmedia":[{"embeddable":true,"href":"https:\/\/guiadenoticias.com.ar\/diario\/wp-json\/wp\/v2\/media\/4997"}],"wp:attachment":[{"href":"https:\/\/guiadenoticias.com.ar\/diario\/wp-json\/wp\/v2\/media?parent=4996"}],"wp:term":[{"taxonomy":"category","embeddable":true,"href":"https:\/\/guiadenoticias.com.ar\/diario\/wp-json\/wp\/v2\/categories?post=4996"},{"taxonomy":"post_tag","embeddable":true,"href":"https:\/\/guiadenoticias.com.ar\/diario\/wp-json\/wp\/v2\/tags?post=4996"}],"curies":[{"name":"wp","href":"https:\/\/api.w.org\/{rel}","templated":true}]}}