{"id":5025,"date":"2016-10-27T00:31:55","date_gmt":"2016-10-27T03:31:55","guid":{"rendered":"http:\/\/guiadenoticias.com.ar\/diario\/?p=5025"},"modified":"2016-10-27T00:40:18","modified_gmt":"2016-10-27T03:40:18","slug":"batalla-campal-ruptura-en-ciernes","status":"publish","type":"post","link":"https:\/\/guiadenoticias.com.ar\/diario\/batalla-campal-ruptura-en-ciernes\/","title":{"rendered":"Batalla campal, ruptura en ciernes"},"content":{"rendered":"<p>El Confederal convocado por la Asociaci\u00f3n de Trabajadores del Estado (ATE) al que fueron citados representantes por seccional o regional del gremio, termin\u00f3 en un enfrentamiento que dej\u00f3 heridos y destrozos en el Hotel Bauen. ATE es uno de los sindicatos de mayores dimensiones dentro de la CTA, dada su cantidad de afiliados. En la era K se produjo la ruptura de la CTA, \u00bfser\u00e1 tiempo hoy de una fractura en ATE?<\/p>\n<p>Seg\u00fan public\u00f3 Infogremial, el encuentro estaba convocado para este mi\u00e9rcoles por la conducci\u00f3n nacional, en manos de la Lista Verde, que responde a Hugo \u201cCachorro\u201d Godoy. All\u00ed deb\u00edan debatir y evaluar el escenario nacional.<\/p>\n<p>Cuando lleg\u00f3 la representaci\u00f3n de la oposici\u00f3n, de la Lista Verde y Blanca, acompa\u00f1ando a sus congresales, se produjo el enfrentamiento. Ambas partes se\u00f1alan que fueron agredidos y que tienen fotos y videos para demostrarlo. De hecho, esta nota tiene un link de un video subido a youtube.<\/p>\n<p>El n\u00facleo duro de la oposici\u00f3n est\u00e1 compuesto fundamentalmente por las seccionales Capital \u2013 que conduce Daniel Catalano -, Santa Fe y Jujuy \u2013 hubo gente de la Tupac Amaru -, y se encolumna detr\u00e1s de la CTA de los Trabajadores, a diferencia del oficialismo enrolado en la CTA Aut\u00f3noma. A grandes rasgos mantiene la diferencia entre kirchneristas y no kirchneristas.<\/p>\n<p>Desde el oficialismo acusan a la oposici\u00f3n de llegar con unas 300 personas para forzar el ingreso a un encuentro al que deb\u00edan asistir s\u00f3lo los congresales y atacar a quienes estaban adentro. Desde la oposici\u00f3n se\u00f1alan al oficialismo por prohibirles el ingreso, atacarlos y montar un show para vaciar de representaci\u00f3n el gremio.<\/p>\n<p>El mi\u00e9rcoles y jueves deb\u00eda desarrollarse el Congreso Confederal con la presencia de 200 secretarios generales de todas las provincias y seccionales. Seg\u00fan averigu\u00f3 Gu\u00eda de Noticias, es dif\u00edcil prever c\u00f3mo seguir\u00e1n las cosas.<\/p>\n<p>Seg\u00fan precis\u00f3 a DyN el director de Prensa de ATE nacional, Federico Chechele, los incidentes se produjeron cuando los dirigentes de Capital Federal, Santa Fe y Jujuy \u201cque responden al kirchnerismo entraron de prepo al lugar golpeando a los compa\u00f1eros y provocando destrozos\u201d, por lo que \u201cdoce personas terminaron con heridas leves\u201d.<\/p>\n<p>El gremialista sostuvo que por una cuesti\u00f3n organizativa, al Confederal s\u00f3lo pod\u00eda ingresar un representante de cada provincia o seccional, pero \u201clos compa\u00f1eros de Santa Fe, Jujuy y Capital se juntaron en la esquina del hotel \u201cy se metieron a los golpes en el lugar\u201d.<\/p>\n<p>Seg\u00fan Chechele, el problema interno de ATE no comenz\u00f3 hoy sino que \u201cviene de arrastre\u201d y tiene que ver con \u201cposiciones pol\u00edticas\u201d y remarc\u00f3 que en estos encuentros \u201cno se iba a definir nada importante porque el paro ya est\u00e1 resuelto para el 16 de noviembre\u201d.<\/p>\n<p><strong>TRASFONDO POL\u00cdTICO Y ECON\u00d3MICO<\/strong><\/p>\n<p>Por otro lado, en di\u00e1logo con PERFIL, Fernando Acosta, dirigente de ATE en Jujuy y ex candidato opositor a liderar ATE Nacional, dio su versi\u00f3n. \u00abDijeron que no dejaban entrar a nadie de ATE Capital que no designaran ellos. Se produjo un tumulto. Es que hay una divisi\u00f3n muy fuerte internamente. Hasta hubo denuncias por fraude en los comicios pasados. Godoy tiene Capital en contra porque ellos y Neuqu\u00e9n y tantas otras seccionales hicieron denuncias por los fondos que maneja arbitrariamente ATE\u201d.<\/p>\n<p>\u00abATE Nacional busca la manera, tal como hacen con CTA, de no mandar los fondos que corresponden. S\u00f3lo mandan plata a las seccionales de ellos\u00bb, denunci\u00f3, y agreg\u00f3 que \u00abno se organizan ni protestan frente a los despidos en las provincias. Reciben fondos y no los reparten. De hecho, Godoy no convoca al paro del 4 de noviembre\u00bb.<\/p>\n<p>Por \u00faltimo lanz\u00f3: \u00abBuscan dar un golpe de Estado en CTA, quieren el puesto de Micheli. Les sacan guita para que no pueda hacer nada, lo quieren debilitar. Quieren ATE para ellos, por eso no se alinean ni con la CTA Aut\u00f3noma (Micheli) ni con la CTA De los Trabajadores (Yasky). Lo que nosotros queremos es en cambio la unidad de ATE con CTA\u00bb.<\/p>\n","protected":false},"excerpt":{"rendered":"<p>El Confederal convocado por la Asociaci\u00f3n de Trabajadores del Estado (ATE) al que fueron citados representantes por seccional o regional del gremio, termin\u00f3 en un enfrentamiento que dej\u00f3 heridos y destrozos en el Hotel Bauen. ATE es uno de los sindicatos de mayores dimensiones dentro de la CTA, dada su cantidad de afiliados. En la [&hellip;]<\/p>\n","protected":false},"author":1,"featured_media":5026,"comment_status":"closed","ping_status":"open","sticky":false,"template":"","format":"standard","meta":{"footnotes":""},"categories":[49,30,48],"tags":[],"class_list":{"0":"post-5025","1":"post","2":"type-post","3":"status-publish","4":"format-standard","5":"has-post-thumbnail","7":"category-economia-y-gremiales","8":"category-nacion","9":"category-politica-argentina"},"aioseo_notices":[],"_links":{"self":[{"href":"https:\/\/guiadenoticias.com.ar\/diario\/wp-json\/wp\/v2\/posts\/5025","targetHints":{"allow":["GET"]}}],"collection":[{"href":"https:\/\/guiadenoticias.com.ar\/diario\/wp-json\/wp\/v2\/posts"}],"about":[{"href":"https:\/\/guiadenoticias.com.ar\/diario\/wp-json\/wp\/v2\/types\/post"}],"author":[{"embeddable":true,"href":"https:\/\/guiadenoticias.com.ar\/diario\/wp-json\/wp\/v2\/users\/1"}],"replies":[{"embeddable":true,"href":"https:\/\/guiadenoticias.com.ar\/diario\/wp-json\/wp\/v2\/comments?post=5025"}],"version-history":[{"count":2,"href":"https:\/\/guiadenoticias.com.ar\/diario\/wp-json\/wp\/v2\/posts\/5025\/revisions"}],"predecessor-version":[{"id":5028,"href":"https:\/\/guiadenoticias.com.ar\/diario\/wp-json\/wp\/v2\/posts\/5025\/revisions\/5028"}],"wp:featuredmedia":[{"embeddable":true,"href":"https:\/\/guiadenoticias.com.ar\/diario\/wp-json\/wp\/v2\/media\/5026"}],"wp:attachment":[{"href":"https:\/\/guiadenoticias.com.ar\/diario\/wp-json\/wp\/v2\/media?parent=5025"}],"wp:term":[{"taxonomy":"category","embeddable":true,"href":"https:\/\/guiadenoticias.com.ar\/diario\/wp-json\/wp\/v2\/categories?post=5025"},{"taxonomy":"post_tag","embeddable":true,"href":"https:\/\/guiadenoticias.com.ar\/diario\/wp-json\/wp\/v2\/tags?post=5025"}],"curies":[{"name":"wp","href":"https:\/\/api.w.org\/{rel}","templated":true}]}}