{"id":5048,"date":"2016-10-27T16:00:45","date_gmt":"2016-10-27T19:00:45","guid":{"rendered":"http:\/\/guiadenoticias.com.ar\/diario\/?p=5048"},"modified":"2016-10-27T16:01:04","modified_gmt":"2016-10-27T19:01:04","slug":"boulogne-y-villa-adelina-sellan-juntas-en-calles-para-evitar-filtraciones","status":"publish","type":"post","link":"https:\/\/guiadenoticias.com.ar\/diario\/boulogne-y-villa-adelina-sellan-juntas-en-calles-para-evitar-filtraciones\/","title":{"rendered":"Boulogne y Villa Adelina: sellan juntas en calles para evitar filtraciones"},"content":{"rendered":"<p>Con el objetivo de asegurar la mayor impermeabilidad de los pavimentos, el municipio de San Isidro realiza tareas de sellado de juntas y grietas del pavimento en distintas arterias de Boulogne y Villa Adelina.<\/p>\n<p>\u201cCon estos trabajos evitamos filtraciones de l\u00edquidos por debajo del pavimento y que con el tiempo se produzca alg\u00fan tipo de dilataci\u00f3n y posterior fractura\u201d, cont\u00f3 el secretario de Obras P\u00fablicas, Bernardo Land\u00edvar.<\/p>\n<p>En total, las tareas comprenden unos 180 mil metros lineales. En Villa Adelina, el sellado de juntas se desarrolla en el sector delimitado por Amancio Alcorta, Yerbal, Thames y colectora Panamericana.<\/p>\n<p>En Boulogne, los trabajos se ejecutan en el per\u00edmetro comprendido por colectora Panamericana, Sarratera y Avenida Avelino Rol\u00f3n.<\/p>\n","protected":false},"excerpt":{"rendered":"<p>Con el objetivo de asegurar la mayor impermeabilidad de los pavimentos, el municipio de San Isidro realiza tareas de sellado de juntas y grietas del pavimento en distintas arterias de Boulogne y Villa Adelina. \u201cCon estos trabajos evitamos filtraciones de l\u00edquidos por debajo del pavimento y que con el tiempo se produzca alg\u00fan tipo de [&hellip;]<\/p>\n","protected":false},"author":1,"featured_media":5049,"comment_status":"closed","ping_status":"open","sticky":false,"template":"","format":"standard","meta":{"footnotes":""},"categories":[20,21],"tags":[],"class_list":{"0":"post-5048","1":"post","2":"type-post","3":"status-publish","4":"format-standard","5":"has-post-thumbnail","7":"category-municipios","8":"category-san-isidro"},"aioseo_notices":[],"_links":{"self":[{"href":"https:\/\/guiadenoticias.com.ar\/diario\/wp-json\/wp\/v2\/posts\/5048","targetHints":{"allow":["GET"]}}],"collection":[{"href":"https:\/\/guiadenoticias.com.ar\/diario\/wp-json\/wp\/v2\/posts"}],"about":[{"href":"https:\/\/guiadenoticias.com.ar\/diario\/wp-json\/wp\/v2\/types\/post"}],"author":[{"embeddable":true,"href":"https:\/\/guiadenoticias.com.ar\/diario\/wp-json\/wp\/v2\/users\/1"}],"replies":[{"embeddable":true,"href":"https:\/\/guiadenoticias.com.ar\/diario\/wp-json\/wp\/v2\/comments?post=5048"}],"version-history":[{"count":1,"href":"https:\/\/guiadenoticias.com.ar\/diario\/wp-json\/wp\/v2\/posts\/5048\/revisions"}],"predecessor-version":[{"id":5050,"href":"https:\/\/guiadenoticias.com.ar\/diario\/wp-json\/wp\/v2\/posts\/5048\/revisions\/5050"}],"wp:featuredmedia":[{"embeddable":true,"href":"https:\/\/guiadenoticias.com.ar\/diario\/wp-json\/wp\/v2\/media\/5049"}],"wp:attachment":[{"href":"https:\/\/guiadenoticias.com.ar\/diario\/wp-json\/wp\/v2\/media?parent=5048"}],"wp:term":[{"taxonomy":"category","embeddable":true,"href":"https:\/\/guiadenoticias.com.ar\/diario\/wp-json\/wp\/v2\/categories?post=5048"},{"taxonomy":"post_tag","embeddable":true,"href":"https:\/\/guiadenoticias.com.ar\/diario\/wp-json\/wp\/v2\/tags?post=5048"}],"curies":[{"name":"wp","href":"https:\/\/api.w.org\/{rel}","templated":true}]}}