{"id":5330,"date":"2016-11-14T01:53:56","date_gmt":"2016-11-14T04:53:56","guid":{"rendered":"http:\/\/guiadenoticias.com.ar\/diario\/?p=5330"},"modified":"2016-11-14T01:54:10","modified_gmt":"2016-11-14T04:54:10","slug":"ate-tigre-movilizado-contra-la-precarizacion-laboral","status":"publish","type":"post","link":"https:\/\/guiadenoticias.com.ar\/diario\/ate-tigre-movilizado-contra-la-precarizacion-laboral\/","title":{"rendered":"ATE Tigre, movilizado contra la precarizaci\u00f3n laboral"},"content":{"rendered":"<p>El pasado jueves, la provincia de Buenos Aires vivi\u00f3 la huelga del Frente Gremial Docente, que reclam\u00f3 haberes adeudados y recomposici\u00f3n salarial, entre otras demandas. A nivel distrital los diferentes sectores de los estatales se unieron a la medida de fuerza y reivindicaron sus propias demandas. Este fue el caso de la seccional ATE Tigre, que encabezada por Javier Charquero entreg\u00f3 un petitorio ante el Consejo Escolar.<\/p>\n<p>\u201cParamos los auxiliares de las escuelas p\u00fablicas, los enfermeros del Hospital de Pacheco, trabajadores del Registro Civil y del Patronato de Liberados\u201d, enumer\u00f3 el dirigente. \u201cNos movilizamos junto a Suteba &#8211; conducida por Alfredo C\u00e1ceres &#8211; hasta el Consejo donde entramos y casi que hacemos una toma pac\u00edfica con los compa\u00f1eros\u201d, enfatiz\u00f3. All\u00ed dejaron un petitorio dirigido al presidente de ese \u00f3rgano, Adri\u00e1n Pintos.<\/p>\n<p>El tema m\u00e1s r\u00edspido fue la acusaci\u00f3n contra Clara Ant\u00fanez (Frente Renovador). \u201cAnte las reiteradas notas que nos dejan los compa\u00f1eros sobre los malos tratos de una consejera escolar (Ant\u00fanez), que a su vez es secretaria general de SOEME, le pedimos al Consejo que no est\u00e9 m\u00e1s encargada de recursos humanos o lo que tiene que ver con auxiliares de educaci\u00f3n\u201d, explic\u00f3 Charquero. Y sostuvo que \u201clos compa\u00f1eros precarizados tienen mucho miedo\u201d del accionar de la funcionaria.<\/p>\n<p>Tambi\u00e9n el pedido puntualiz\u00f3 sobre los problemas que la prestataria de salud provoca a los auxiliares. \u201cNo hace caso a los certificados firmados por m\u00e9dicos particulares que los trabajadores llevan\u201d, se\u00f1al\u00f3.<\/p>\n<p>A su vez, los estatales tigrenses se plegaron a la convocatoria de ATE Provincia \u201ccontra el ajuste de (la gobernadora Mar\u00eda Eugenia) Vidal. Hay 4 mil becarios, personas precarizadas, de las que s\u00f3lo pasan a planta permanente casi 800, seg\u00fan el presupuesto 2017. El resto no sabemos su continuidad, aunque con Daniel Scioli se renovaban los contratos\u201d.<\/p>\n<p>Estos empleados con futuro laboral incierto cumplen tareas precarias de enfermer\u00eda, administraci\u00f3n, mantenimiento y limpieza, entre otras, en el \u00e1rea de salud. \u201cSi contamos los 77 hospitales provinciales quedar\u00edan menos de 10 trabajadores en cada uno\u201d, contabiliz\u00f3.<\/p>\n<p>Adem\u00e1s, el dirigente &#8211; que es a su vez enfermero del Hospital de Pacheco &#8211; record\u00f3 que \u201cla mayor\u00eda de los estatales de la Provincia tienen sueldos por debajo de la l\u00ednea de pobreza. Los auxiliares, debajo de 11 mil y los enfermeros no cumplen la canasta b\u00e1sica, menos de 14 mil pesos\u201d. Pero aclar\u00f3 que no piden aumento sino recomposici\u00f3n salarial al nivel de la inflaci\u00f3n anual.<\/p>\n<p><strong>\u201cNO TENEMOS DENUNCIAS\u201d<\/strong><\/p>\n<p>Por su parte, Adri\u00e1n Pintos, presidente del Consejo Escolar de Tigre, recibi\u00f3 a Gu\u00eda de Noticias y respondi\u00f3 a la pol\u00e9mica planteada por los estatales respecto de la consejera Ant\u00fanez.<\/p>\n<p>\u201cNo tenemos ninguna denuncia de ning\u00fan compa\u00f1ero de ATE o Suteba sobre ning\u00fan maltrato de ninguno de los consejeros escolares\u201d, remarc\u00f3. Y explic\u00f3 que la mencionada funcionaria massista es parte de la Comisi\u00f3n de Recursos Humanos junto a un representante de Cambiemos y uno del kirchnerismo, por lo tanto \u201cninguna decisi\u00f3n sobre alg\u00fan auxiliar se toma sin el consentimiento de al menos dos partes\u201d.<\/p>\n<p>Tratando de ahuyentar fantasmas de persecuci\u00f3n laboral, manifest\u00f3 que \u201cno hay ninguna medidas sobre trabajadores que haga pensar que se los sanciona y no hay cese de auxiliares desde hace a\u00f1os\u201d.<\/p>\n<p>En otro orden de cosas, coment\u00f3, \u201ccon respecto a la prestataria se le realiz\u00f3 una auditor\u00eda y a los representantes de ATE, Suteba, Udep y otros sindicatos ya se les dijo c\u00f3mo deben denunciar cualquier maltrato que sufran por parte de la empresa o sobre los rechazos de licencias o prescripciones m\u00e9dicas\u201d.<\/p>\n<p>M\u00e1s all\u00e1 de las riberas tur\u00edsticas y los countries, Tigre tiene un alto nivel de poblaci\u00f3n humilde, al punto que desde ATE sostienen que \u201cse duplic\u00f3 la cantidad de chicos que asisten a las escuelas para comer\u201d. Pintos manifest\u00f3 que no conoce esos n\u00fameros porque \u201clas escuelas no reclaman por la cantidad de alumnos\u201d, pero \u201cestamos llevando 31 mil viandas a los casi 200 establecimientos de los tres niveles por medio del Servicio Alimentario Escolar\u201d.<\/p>\n<p><strong>\u00bfUNIDAD SINDICAL?<\/strong><\/p>\n<p>Aunque la seccional de Tigre no pertenece al oficialismo provincial y nacional (representados en Oscar de Isasi y Hugo Godoy, respectivamente), porque pertenece a la Lista Azul &#8211; Agrupaci\u00f3n Pocho Lepratti,\u00a0 en sus asambleas resuelven ser org\u00e1nicos a las medidas de fuerza propuestas desde arriba. A pesar de las diferencias de pensamiento gremial \u201ctodos entendemos que el enemigo no est\u00e1 adentro sino afuera\u201d.<\/p>\n<p>Sin embargo, Javier Charquero no cree que la unidad de las CTA y que el fin de la fragmentaci\u00f3n sindical se arregle con dos dirigentes tomando un caf\u00e9, sino que \u201cs\u00f3lo con la unidad de las bases habr\u00e1 unidad de los trabajadores\u201d. Esta posici\u00f3n se demuestra en Tigre, donde confluye con organizaciones gremiales como Suteba,\u00a0 con las que comparten demandas comunes.<\/p>\n<p>Por eso, el escollo para la unidad estar\u00eda \u201cen los sindicatos amigos del Gobierno\u201d y en los \u201cdirigentes que son m\u00e1s empresarios que trabajadores\u201d, sentenci\u00f3. Mientras, en ATE prometen seguir parando si no hay acuerdo paritario con Vidal.<\/p>\n","protected":false},"excerpt":{"rendered":"<p>El pasado jueves, la provincia de Buenos Aires vivi\u00f3 la huelga del Frente Gremial Docente, que reclam\u00f3 haberes adeudados y recomposici\u00f3n salarial, entre otras demandas. A nivel distrital los diferentes sectores de los estatales se unieron a la medida de fuerza y reivindicaron sus propias demandas. Este fue el caso de la seccional ATE Tigre, [&hellip;]<\/p>\n","protected":false},"author":1,"featured_media":5331,"comment_status":"closed","ping_status":"open","sticky":false,"template":"","format":"standard","meta":{"footnotes":""},"categories":[49,20,48,23],"tags":[],"class_list":{"0":"post-5330","1":"post","2":"type-post","3":"status-publish","4":"format-standard","5":"has-post-thumbnail","7":"category-economia-y-gremiales","8":"category-municipios","9":"category-politica-argentina","10":"category-tigre"},"aioseo_notices":[],"_links":{"self":[{"href":"https:\/\/guiadenoticias.com.ar\/diario\/wp-json\/wp\/v2\/posts\/5330","targetHints":{"allow":["GET"]}}],"collection":[{"href":"https:\/\/guiadenoticias.com.ar\/diario\/wp-json\/wp\/v2\/posts"}],"about":[{"href":"https:\/\/guiadenoticias.com.ar\/diario\/wp-json\/wp\/v2\/types\/post"}],"author":[{"embeddable":true,"href":"https:\/\/guiadenoticias.com.ar\/diario\/wp-json\/wp\/v2\/users\/1"}],"replies":[{"embeddable":true,"href":"https:\/\/guiadenoticias.com.ar\/diario\/wp-json\/wp\/v2\/comments?post=5330"}],"version-history":[{"count":1,"href":"https:\/\/guiadenoticias.com.ar\/diario\/wp-json\/wp\/v2\/posts\/5330\/revisions"}],"predecessor-version":[{"id":5332,"href":"https:\/\/guiadenoticias.com.ar\/diario\/wp-json\/wp\/v2\/posts\/5330\/revisions\/5332"}],"wp:featuredmedia":[{"embeddable":true,"href":"https:\/\/guiadenoticias.com.ar\/diario\/wp-json\/wp\/v2\/media\/5331"}],"wp:attachment":[{"href":"https:\/\/guiadenoticias.com.ar\/diario\/wp-json\/wp\/v2\/media?parent=5330"}],"wp:term":[{"taxonomy":"category","embeddable":true,"href":"https:\/\/guiadenoticias.com.ar\/diario\/wp-json\/wp\/v2\/categories?post=5330"},{"taxonomy":"post_tag","embeddable":true,"href":"https:\/\/guiadenoticias.com.ar\/diario\/wp-json\/wp\/v2\/tags?post=5330"}],"curies":[{"name":"wp","href":"https:\/\/api.w.org\/{rel}","templated":true}]}}