{"id":5540,"date":"2016-11-24T00:55:52","date_gmt":"2016-11-24T03:55:52","guid":{"rendered":"http:\/\/guiadenoticias.com.ar\/diario\/?p=5540"},"modified":"2016-11-24T00:56:24","modified_gmt":"2016-11-24T03:56:24","slug":"san-fernando-cuenta-con-600-camaras-de-seguridad-en-la-calle","status":"publish","type":"post","link":"https:\/\/guiadenoticias.com.ar\/diario\/san-fernando-cuenta-con-600-camaras-de-seguridad-en-la-calle\/","title":{"rendered":"San Fernando cuenta con 600 c\u00e1maras de seguridad en la calle"},"content":{"rendered":"<p>San Fernando celebra haber llegado a colocar 600 c\u00e1maras de seguridad en la v\u00eda p\u00fablica, todas adquiridas con fondos municipales, uno de los sistemas m\u00e1s importantes para el cuidado de una ciudad. Personal del Centro de Operaciones, desde donde se monitorean estos dispositivos, se reuni\u00f3 por este motivo con los vecinos del barrio donde fue instalada la \u00faltima: ya en funcionamiento en la equina de las calles Pasteur y Lugones.<\/p>\n<p>El secretario de Modernizaci\u00f3n, Gonzalo Cornejo, encabez\u00f3 el encuentro y explic\u00f3: \u201cEllos ten\u00edan la inquietud por esta c\u00e1mara, entonces nos reunimos junto al personal de la sala de monitoreo para explicarles por qu\u00e9 se la ubic\u00f3 all\u00ed y c\u00f3mo funciona\u201d.<\/p>\n<p>\u201cNuestras 600 c\u00e1maras ya son un hecho, por eso los invitamos a que conozcan su sala de monitoreo. Nos gusta que los vecinos sepan que funcionan, y se sientan seguros\u201d, continu\u00f3 el funcionario y agreg\u00f3: \u201cTenemos un \u00edndice de una c\u00e1mara cada 250 habitantes. Es un aporte fundamental\u201d.<\/p>\n<p>\u201cApostamos a este sistema porque realmente da resultados tanto en el control de la violencia o la delincuencia o los accidentes de tr\u00e1nsito, sirven para encontrar un mont\u00f3n de cosas\u201d, detall\u00f3 Cornejo.<\/p>\n<p>Adem\u00e1s, el funcionario coment\u00f3 otro de los programas que encara su \u00e1rea. \u00a0\u201cEstamos montando c\u00e1maras en torres de antenas para detectar construcciones clandestinas que puedan poner en peligro a otras viviendas, un trabajo muy importante para prevenir\u201d.<\/p>\n","protected":false},"excerpt":{"rendered":"<p>San Fernando celebra haber llegado a colocar 600 c\u00e1maras de seguridad en la v\u00eda p\u00fablica, todas adquiridas con fondos municipales, uno de los sistemas m\u00e1s importantes para el cuidado de una ciudad. Personal del Centro de Operaciones, desde donde se monitorean estos dispositivos, se reuni\u00f3 por este motivo con los vecinos del barrio donde fue [&hellip;]<\/p>\n","protected":false},"author":1,"featured_media":5541,"comment_status":"closed","ping_status":"open","sticky":false,"template":"","format":"standard","meta":{"footnotes":""},"categories":[20,22],"tags":[],"class_list":{"0":"post-5540","1":"post","2":"type-post","3":"status-publish","4":"format-standard","5":"has-post-thumbnail","7":"category-municipios","8":"category-san-fernando"},"aioseo_notices":[],"_links":{"self":[{"href":"https:\/\/guiadenoticias.com.ar\/diario\/wp-json\/wp\/v2\/posts\/5540","targetHints":{"allow":["GET"]}}],"collection":[{"href":"https:\/\/guiadenoticias.com.ar\/diario\/wp-json\/wp\/v2\/posts"}],"about":[{"href":"https:\/\/guiadenoticias.com.ar\/diario\/wp-json\/wp\/v2\/types\/post"}],"author":[{"embeddable":true,"href":"https:\/\/guiadenoticias.com.ar\/diario\/wp-json\/wp\/v2\/users\/1"}],"replies":[{"embeddable":true,"href":"https:\/\/guiadenoticias.com.ar\/diario\/wp-json\/wp\/v2\/comments?post=5540"}],"version-history":[{"count":1,"href":"https:\/\/guiadenoticias.com.ar\/diario\/wp-json\/wp\/v2\/posts\/5540\/revisions"}],"predecessor-version":[{"id":5542,"href":"https:\/\/guiadenoticias.com.ar\/diario\/wp-json\/wp\/v2\/posts\/5540\/revisions\/5542"}],"wp:featuredmedia":[{"embeddable":true,"href":"https:\/\/guiadenoticias.com.ar\/diario\/wp-json\/wp\/v2\/media\/5541"}],"wp:attachment":[{"href":"https:\/\/guiadenoticias.com.ar\/diario\/wp-json\/wp\/v2\/media?parent=5540"}],"wp:term":[{"taxonomy":"category","embeddable":true,"href":"https:\/\/guiadenoticias.com.ar\/diario\/wp-json\/wp\/v2\/categories?post=5540"},{"taxonomy":"post_tag","embeddable":true,"href":"https:\/\/guiadenoticias.com.ar\/diario\/wp-json\/wp\/v2\/tags?post=5540"}],"curies":[{"name":"wp","href":"https:\/\/api.w.org\/{rel}","templated":true}]}}