{"id":5557,"date":"2016-11-25T01:37:50","date_gmt":"2016-11-25T04:37:50","guid":{"rendered":"http:\/\/guiadenoticias.com.ar\/diario\/?p=5557"},"modified":"2016-11-25T01:38:04","modified_gmt":"2016-11-25T04:38:04","slug":"andreotti-sobre-los-comedores-escolares-estoy-de-acuerdo-con-su-descentralizacion","status":"publish","type":"post","link":"https:\/\/guiadenoticias.com.ar\/diario\/andreotti-sobre-los-comedores-escolares-estoy-de-acuerdo-con-su-descentralizacion\/","title":{"rendered":"Andreotti, sobre los comedores escolares: \u201cEstoy de acuerdo con su descentralizaci\u00f3n\u201d"},"content":{"rendered":"<p>A ra\u00edz del anuncio del gobierno de la Provincia en el sentido que desde 2017 comenzar\u00e1 a probarse un nuevo sistema para abastecer el Servicio Alimentario Escolar en algunos distritos, entre ellos San Fernando, el intendente Luis Andreotti se expres\u00f3 a favor de la medida. Seg\u00fan la modificaci\u00f3n, se aumentar\u00e1 un 30% el presupuesto de los comedores y en 12 ciudades se transferir\u00e1 el dinero directamente a los municipios.<\/p>\n<p>\u201cEstamos de acuerdo con la descentralizaci\u00f3n de responsabilidades, siempre que haya financiamiento\u201d, manifest\u00f3 el jefe comunal, y continu\u00f3: \u201cEs un buen primer paso, aunque el env\u00edo de fondos debe ser acorde para un servicio con dignidad. El federalismo comienza con una mayor coparticipaci\u00f3n, por eso creo que tambi\u00e9n deber\u00eda coparticiparse y actualizarse en forma autom\u00e1tica\u201d.<\/p>\n<p>\u201cDe igual manera tendr\u00edamos que administrar los fondos para reparaciones y limpieza de los colegios y, adem\u00e1s, empezar a trabajar para municipalizar los consejos escolares\u201d, determin\u00f3 Andreotti, quien solicit\u00f3 tambi\u00e9n, \u201calcanzar valores como los de la Ciudad de Buenos Aires, que gasta 40 pesos por d\u00eda para alimentar cada chico, y no 12 como es actualmente en la Provincia\u201d.<\/p>\n<p>Y marc\u00f3 una ventaja de los municipios por sobre la Provincia: \u201cComo dijo la gobernadora Mar\u00eda Eugenia Vidal, nosotros estamos m\u00e1s cerca, podemos brindar los servicios mejor\u201d.<\/p>\n<p>El intendente hizo asimismo una apreciaci\u00f3n: \u201cTodos los convenios tienen dos partes, y a nosotros todav\u00eda no nos han consultado. A San Fernando, la Provincia le debe fondos de infraestructura, de seguridad, coparticipables, IOMA, PAMI y varios planes de contenci\u00f3n social que financia el municipio, por eso creo que es importante establecer los t\u00e9rminos\u201d.<\/p>\n","protected":false},"excerpt":{"rendered":"<p>A ra\u00edz del anuncio del gobierno de la Provincia en el sentido que desde 2017 comenzar\u00e1 a probarse un nuevo sistema para abastecer el Servicio Alimentario Escolar en algunos distritos, entre ellos San Fernando, el intendente Luis Andreotti se expres\u00f3 a favor de la medida. Seg\u00fan la modificaci\u00f3n, se aumentar\u00e1 un 30% el presupuesto de [&hellip;]<\/p>\n","protected":false},"author":1,"featured_media":5558,"comment_status":"closed","ping_status":"open","sticky":false,"template":"","format":"standard","meta":{"footnotes":""},"categories":[20,48,22],"tags":[],"class_list":{"0":"post-5557","1":"post","2":"type-post","3":"status-publish","4":"format-standard","5":"has-post-thumbnail","7":"category-municipios","8":"category-politica-argentina","9":"category-san-fernando"},"aioseo_notices":[],"_links":{"self":[{"href":"https:\/\/guiadenoticias.com.ar\/diario\/wp-json\/wp\/v2\/posts\/5557","targetHints":{"allow":["GET"]}}],"collection":[{"href":"https:\/\/guiadenoticias.com.ar\/diario\/wp-json\/wp\/v2\/posts"}],"about":[{"href":"https:\/\/guiadenoticias.com.ar\/diario\/wp-json\/wp\/v2\/types\/post"}],"author":[{"embeddable":true,"href":"https:\/\/guiadenoticias.com.ar\/diario\/wp-json\/wp\/v2\/users\/1"}],"replies":[{"embeddable":true,"href":"https:\/\/guiadenoticias.com.ar\/diario\/wp-json\/wp\/v2\/comments?post=5557"}],"version-history":[{"count":1,"href":"https:\/\/guiadenoticias.com.ar\/diario\/wp-json\/wp\/v2\/posts\/5557\/revisions"}],"predecessor-version":[{"id":5559,"href":"https:\/\/guiadenoticias.com.ar\/diario\/wp-json\/wp\/v2\/posts\/5557\/revisions\/5559"}],"wp:featuredmedia":[{"embeddable":true,"href":"https:\/\/guiadenoticias.com.ar\/diario\/wp-json\/wp\/v2\/media\/5558"}],"wp:attachment":[{"href":"https:\/\/guiadenoticias.com.ar\/diario\/wp-json\/wp\/v2\/media?parent=5557"}],"wp:term":[{"taxonomy":"category","embeddable":true,"href":"https:\/\/guiadenoticias.com.ar\/diario\/wp-json\/wp\/v2\/categories?post=5557"},{"taxonomy":"post_tag","embeddable":true,"href":"https:\/\/guiadenoticias.com.ar\/diario\/wp-json\/wp\/v2\/tags?post=5557"}],"curies":[{"name":"wp","href":"https:\/\/api.w.org\/{rel}","templated":true}]}}