{"id":5658,"date":"2016-12-01T20:16:29","date_gmt":"2016-12-01T23:16:29","guid":{"rendered":"http:\/\/guiadenoticias.com.ar\/diario\/?p=5658"},"modified":"2016-12-01T20:16:51","modified_gmt":"2016-12-01T23:16:51","slug":"campana-de-prevencion-del-sida-en-san-fernando","status":"publish","type":"post","link":"https:\/\/guiadenoticias.com.ar\/diario\/campana-de-prevencion-del-sida-en-san-fernando\/","title":{"rendered":"Campa\u00f1a de prevenci\u00f3n del Sida en San Fernando"},"content":{"rendered":"<p>En el marco del D\u00eda Mundial de Lucha contra el SIDA, \u00a0El municipio de San Fernando, a trav\u00e9s de la Secretar\u00eda de Medio Ambiente y Salud P\u00fablica, cerr\u00f3 la campa\u00f1a de concientizaci\u00f3n y prevenci\u00f3n del contagio del virus de la inmunodeficiencia humana (VIH).<\/p>\n<p>La jornada especial tuvo lugar en la Plaza Mitre (ubicada en Madero y Constituci\u00f3n) en la que personal de la Comuna hizo testeos expr\u00e9s &#8211; que son r\u00e1pidos, gratuitos y an\u00f3nimos -, brind\u00f3 charlas\u00a0 informativas con especialistas y entreg\u00f3 profil\u00e1cticos y folleter\u00eda. Adem\u00e1s, se realiz\u00f3 un trabajo en conjunto con el \u00e1rea de Nutrici\u00f3n para verificar con la toma de peso y talla si los pacientes tienen sobrepeso o riesgo cardiovascular.<\/p>\n<p>La campa\u00f1a de concientizaci\u00f3n se llev\u00f3 a cabo durante todo noviembre, los jueves y viernes, en los puntos m\u00e1s transitados de la ciudad, como las plazas Santa Luc\u00eda y Hardoy, Avenida Avellaneda y Acceso Norte, y las estaciones de trenes de San Fernando y Virreyes.<\/p>\n<p>Cabe destacar que en todos los centros de salud realizaron todos los d\u00edas testeos de manera libre y confidencial. La sangre es extra\u00edda en el establecimiento municipal y enviada para su an\u00e1lisis al Hospital Provincial. Los resultados est\u00e1n disponibles a los 15 d\u00edas.<\/p>\n<p>Todos los vecinos que deseen realizarse el chequeo o consultar por informaci\u00f3n pueden dirigirse a los establecimientos sanitarios de 8 a 16 horas.<\/p>\n","protected":false},"excerpt":{"rendered":"<p>En el marco del D\u00eda Mundial de Lucha contra el SIDA, \u00a0El municipio de San Fernando, a trav\u00e9s de la Secretar\u00eda de Medio Ambiente y Salud P\u00fablica, cerr\u00f3 la campa\u00f1a de concientizaci\u00f3n y prevenci\u00f3n del contagio del virus de la inmunodeficiencia humana (VIH). La jornada especial tuvo lugar en la Plaza Mitre (ubicada en Madero [&hellip;]<\/p>\n","protected":false},"author":1,"featured_media":5659,"comment_status":"closed","ping_status":"open","sticky":false,"template":"","format":"standard","meta":{"footnotes":""},"categories":[19,20,22],"tags":[],"class_list":{"0":"post-5658","1":"post","2":"type-post","3":"status-publish","4":"format-standard","5":"has-post-thumbnail","7":"category-informacion-general","8":"category-municipios","9":"category-san-fernando"},"aioseo_notices":[],"_links":{"self":[{"href":"https:\/\/guiadenoticias.com.ar\/diario\/wp-json\/wp\/v2\/posts\/5658","targetHints":{"allow":["GET"]}}],"collection":[{"href":"https:\/\/guiadenoticias.com.ar\/diario\/wp-json\/wp\/v2\/posts"}],"about":[{"href":"https:\/\/guiadenoticias.com.ar\/diario\/wp-json\/wp\/v2\/types\/post"}],"author":[{"embeddable":true,"href":"https:\/\/guiadenoticias.com.ar\/diario\/wp-json\/wp\/v2\/users\/1"}],"replies":[{"embeddable":true,"href":"https:\/\/guiadenoticias.com.ar\/diario\/wp-json\/wp\/v2\/comments?post=5658"}],"version-history":[{"count":1,"href":"https:\/\/guiadenoticias.com.ar\/diario\/wp-json\/wp\/v2\/posts\/5658\/revisions"}],"predecessor-version":[{"id":5660,"href":"https:\/\/guiadenoticias.com.ar\/diario\/wp-json\/wp\/v2\/posts\/5658\/revisions\/5660"}],"wp:featuredmedia":[{"embeddable":true,"href":"https:\/\/guiadenoticias.com.ar\/diario\/wp-json\/wp\/v2\/media\/5659"}],"wp:attachment":[{"href":"https:\/\/guiadenoticias.com.ar\/diario\/wp-json\/wp\/v2\/media?parent=5658"}],"wp:term":[{"taxonomy":"category","embeddable":true,"href":"https:\/\/guiadenoticias.com.ar\/diario\/wp-json\/wp\/v2\/categories?post=5658"},{"taxonomy":"post_tag","embeddable":true,"href":"https:\/\/guiadenoticias.com.ar\/diario\/wp-json\/wp\/v2\/tags?post=5658"}],"curies":[{"name":"wp","href":"https:\/\/api.w.org\/{rel}","templated":true}]}}