{"id":5737,"date":"2016-12-06T21:08:24","date_gmt":"2016-12-07T00:08:24","guid":{"rendered":"http:\/\/guiadenoticias.com.ar\/diario\/?p=5737"},"modified":"2016-12-06T21:10:15","modified_gmt":"2016-12-07T00:10:15","slug":"arba-descentraliza-impuesto-a-las-embarcaciones-con-municipios-de-zona-norte","status":"publish","type":"post","link":"https:\/\/guiadenoticias.com.ar\/diario\/arba-descentraliza-impuesto-a-las-embarcaciones-con-municipios-de-zona-norte\/","title":{"rendered":"Arba descentraliza Impuesto a las Embarcaciones en municipios de zona norte"},"content":{"rendered":"<p>Los intendentes de Tigre, Julio Zamora; San Fernando, Luis Andreotti; y San Isidro, Gustavo Posse, firmaron un convenio con el ministro de Econom\u00eda bonaerense, Hern\u00e1n Lacunza, y el titular de ARBA, Gast\u00f3n Fossati, por el cual las comunas recaudar\u00e1n el impuesto costero.<\/p>\n<p>A partir de este acuerdo, formalizado en el Palacio Municipal de San Fernando, se descentraliza la administraci\u00f3n tributaria del Impuesto a las Embarcaciones Deportivas o de Recreaci\u00f3n. De esta manera, los tres distritos del corredor norte recuperan el rol de agente recaudador del tributo, que les hab\u00eda quitado la anterior gesti\u00f3n bonaerense.<\/p>\n<p>En ese marco, Lacunza afirm\u00f3 que \u201cganan todos porque lo que estamos haciendo en materia de administraci\u00f3n tributaria es que devolvamos las potestades de fiscalizaci\u00f3n a aquel que es m\u00e1s eficiente, por eso nuestra proyecci\u00f3n de recaudaci\u00f3n es que se va a triplicar la recaudaci\u00f3n de este tributo el a\u00f1o pr\u00f3ximo\u201d.<\/p>\n<p>Fossati explic\u00f3, \u201cse descentraliz\u00f3 el 50% de este impuesto y se trabajar\u00e1 en conjunto con los municipios en todo lo que es mejorar el control, la fiscalizaci\u00f3n y la cobranza en la localizaci\u00f3n de este tributo\u201d.<\/p>\n<p>Agreg\u00f3 que \u201cVicente L\u00f3pez ya ten\u00eda el acuerdo, ahora se suman San Fernando, Tigre y San Isidro, y no descartamos que a otros distritos que vengan y planteen la tem\u00e1tica se lo otorguemos tambi\u00e9n\u201d.<\/p>\n<p>\u201cEsta devoluci\u00f3n es muy importante porque la descentralizaci\u00f3n de este impuesto fue una lucha de la regi\u00f3n metropolitana norte desde el a\u00f1o 2002, cuando se le sac\u00f3 en forma injusta, as\u00ed que no hago m\u00e1s que agradecer a la gobernadora Vidal y todo su equipo\u201d, manifest\u00f3 Andreotti.<\/p>\n<p>En este sentido, el mandatario sanfernandino se\u00f1al\u00f3: \u201cSer\u00e1n entre 20 y 30 millones de pesos que entrar\u00e1n con seguridad en 2017\u201d.<\/p>\n<p>Por su parte, Julio Zamora consider\u00f3 que \u201cson cerca de 10 millones de pesos para el municipio, en un acto reparador de una situaci\u00f3n de injusticia que vivimos las comunas de zona norte por cuestiones pol\u00edticas; agradecemos a la gobernadora este gesto que genera convivencia y habla a las claras de un cambio en la cultura pol\u00edtica que beneficia los vecinos\u201d.<\/p>\n<p>El jefe comunal de San Isidro coincidi\u00f3 que \u201cestuvo postergado por un mal entendimiento por parte de la Provincia en todos los a\u00f1os anteriores respecto a respetar a los municipios, los vecinos y lo que tiene que ver con el cuidado de la costa y el puerto\u201d.<\/p>\n<p>Posse agreg\u00f3: \u201cSomos agradecidos porque, adem\u00e1s, en los pr\u00f3ximos d\u00edas estamos notific\u00e1ndonos de lo que ya firm\u00f3 la gobernadora y Joaqu\u00edn de la Torre (ministro de Producci\u00f3n, presente en la actividad) para tener la jurisdicci\u00f3n del Puerto de San Isidro y trabajar para los vecinos\u201d.<\/p>\n<p>En el convenio alcanzado, el 50% de lo recaudado por los municipios pasar\u00e1 directamente a manos de Rentas Generales de la Provincia, y el otro 50%\u00a0 quedar\u00e1 para las comunas, que deber\u00e1n destinar la mitad a programas de seguridad y justicia previamente convenidos con el Estado bonaerense.<\/p>\n","protected":false},"excerpt":{"rendered":"<p>Los intendentes de Tigre, Julio Zamora; San Fernando, Luis Andreotti; y San Isidro, Gustavo Posse, firmaron un convenio con el ministro de Econom\u00eda bonaerense, Hern\u00e1n Lacunza, y el titular de ARBA, Gast\u00f3n Fossati, por el cual las comunas recaudar\u00e1n el impuesto costero. A partir de este acuerdo, formalizado en el Palacio Municipal de San Fernando, [&hellip;]<\/p>\n","protected":false},"author":1,"featured_media":5738,"comment_status":"closed","ping_status":"open","sticky":false,"template":"","format":"standard","meta":{"footnotes":""},"categories":[20,48,31,22,21,23],"tags":[],"class_list":{"0":"post-5737","1":"post","2":"type-post","3":"status-publish","4":"format-standard","5":"has-post-thumbnail","7":"category-municipios","8":"category-politica-argentina","9":"category-provincia","10":"category-san-fernando","11":"category-san-isidro","12":"category-tigre"},"aioseo_notices":[],"_links":{"self":[{"href":"https:\/\/guiadenoticias.com.ar\/diario\/wp-json\/wp\/v2\/posts\/5737","targetHints":{"allow":["GET"]}}],"collection":[{"href":"https:\/\/guiadenoticias.com.ar\/diario\/wp-json\/wp\/v2\/posts"}],"about":[{"href":"https:\/\/guiadenoticias.com.ar\/diario\/wp-json\/wp\/v2\/types\/post"}],"author":[{"embeddable":true,"href":"https:\/\/guiadenoticias.com.ar\/diario\/wp-json\/wp\/v2\/users\/1"}],"replies":[{"embeddable":true,"href":"https:\/\/guiadenoticias.com.ar\/diario\/wp-json\/wp\/v2\/comments?post=5737"}],"version-history":[{"count":2,"href":"https:\/\/guiadenoticias.com.ar\/diario\/wp-json\/wp\/v2\/posts\/5737\/revisions"}],"predecessor-version":[{"id":5740,"href":"https:\/\/guiadenoticias.com.ar\/diario\/wp-json\/wp\/v2\/posts\/5737\/revisions\/5740"}],"wp:featuredmedia":[{"embeddable":true,"href":"https:\/\/guiadenoticias.com.ar\/diario\/wp-json\/wp\/v2\/media\/5738"}],"wp:attachment":[{"href":"https:\/\/guiadenoticias.com.ar\/diario\/wp-json\/wp\/v2\/media?parent=5737"}],"wp:term":[{"taxonomy":"category","embeddable":true,"href":"https:\/\/guiadenoticias.com.ar\/diario\/wp-json\/wp\/v2\/categories?post=5737"},{"taxonomy":"post_tag","embeddable":true,"href":"https:\/\/guiadenoticias.com.ar\/diario\/wp-json\/wp\/v2\/tags?post=5737"}],"curies":[{"name":"wp","href":"https:\/\/api.w.org\/{rel}","templated":true}]}}