{"id":5748,"date":"2016-12-07T09:04:49","date_gmt":"2016-12-07T12:04:49","guid":{"rendered":"http:\/\/guiadenoticias.com.ar\/diario\/?p=5748"},"modified":"2016-12-07T09:05:09","modified_gmt":"2016-12-07T12:05:09","slug":"diputados-aprobo-proyecto-de-la-oposicion-para-modificar-ganancias","status":"publish","type":"post","link":"https:\/\/guiadenoticias.com.ar\/diario\/diputados-aprobo-proyecto-de-la-oposicion-para-modificar-ganancias\/","title":{"rendered":"Diputados aprob\u00f3 proyecto de la oposici\u00f3n para modificar Ganancias"},"content":{"rendered":"<p>La C\u00e1mara de Diputados aprob\u00f3 el proyecto de la oposici\u00f3n para reformar al impuesto a las Ganancias, luego de que fracasara el tratamiento del dictamen de mayor\u00eda defendido por el oficialismo.<\/p>\n<p>Con 140 votos positivos, 86 negativos y 7 abstenciones, la C\u00e1mara Baja aprob\u00f3 y gir\u00f3 al Senado la iniciativa que prev\u00e9 una suba del m\u00ednimo no imponible de alrededor del 40 por ciento de este umbral, llev\u00e1ndolo a 33.500 pesos en bruto para solteros y 44.000 pesos para casados con dos hijos, a la vez que grava los juegos de azar, la renta financiero, las mineras y a los nuevos magistrados.<\/p>\n<p>Previamente se hab\u00eda sometido a votaci\u00f3n el dictamen de mayor\u00eda del oficialismo, que result\u00f3 rechazado con 144 votos por la negativa y s\u00f3lo 88 positivos, adem\u00e1s de 4 abstenciones.<\/p>\n<p>Diputados opositores y del oficialismo mantuvieron un fuerte cruce verbal en el recinto cuando los primeros pidieron dar por finalizado el debate y pasar a votar el proyecto de modificaci\u00f3n del Impuesto a las Ganancias, mientras desde la coalici\u00f3n gobernante Cambiemos insist\u00edan en que era necesario continuar con los discursos.<\/p>\n<p>En medio de la acalorada discusi\u00f3n, la macrista Silvia Lospennato acus\u00f3 a los kirchneristas de \u00abdemagogos\u00bb que \u00abrobaron el pa\u00eds\u00bb y que \u00abpor eso no los votaron\u00bb; en tanto que la massista Graciela Cama\u00f1o advirti\u00f3 que \u00abtoda la tarde hubo llamados del jefe de Gabinete -Marcos Pe\u00f1a- a los gobernadores para cambiarles la voluntad\u00bb.<\/p>\n<p>A partir del acuerdo alcanzado por la tarde entre diferentes bloques opositores que ya hac\u00eda avizorar una votaci\u00f3n en la que el oficialismo perder\u00eda, desde el FpV-PJ y el Frente Renovador comenzaron a analizar posibilidades para acotar el debate.<\/p>\n<p>Pasadas dos horas de debate y luego de los discursos de los principales referentes de cada bloque, los opositores decidieron bajarse de la lista de oradores y dejar que los discursos s\u00f3lo los dieran los oficialistas. Disgustados con el previsible final, desde Cambiemos anotaron a casi todos sus diputados y aliados -m\u00e1s de 100- en la lista de oradores y comenzaron a argumentar uno por uno ante la impaciencia de la oposici\u00f3n.<\/p>\n<p>Mientras la mayor\u00eda de los 140 diputados pertenecientes a los bloques que obtuvieron el acuerdo vencedor permanec\u00edan en sus bancas; el oficialismo vaci\u00f3 las suyas y s\u00f3lo hac\u00eda ingresar al recinto al diputado que ten\u00eda el turno para hablar. Fastidiados por esta situaci\u00f3n, y apelando al reglamento, desde el Frente Renovador pidieron que se cerrara el debate y que se pasara a votar el proyecto.<\/p>\n<p>\u00abViendo que este es un debate donde algunos no van a salir victoriosos y se han anotado en una extensa lista de oradores, solicito el cierre del debate\u00bb, irrumpi\u00f3 Cama\u00f1o, para pedir que se ponga en votaci\u00f3n esa propuesta, que finalmente fue aceptada por 148 votos contra 87, provocando un rev\u00e9s al Gobierno.<\/p>\n<p>Negri, titular del interbloque Cambiemos, le respondi\u00f3 que \u00abno s\u00f3lo no pueden acotar los tiempos, sino que tienen que dejar que se explayen todos los diputados. Podemos acceder a que no se anote m\u00e1s nadie, pero que concluyan todos los anotados\u00bb. M\u00e1s contundente que el cordob\u00e9s, Lospenatto expres\u00f3: \u00abNos quieren cortar el uso de la palabra, siguen siendo tiranos, abusan del reglamento\u00bb<\/p>\n<p>\u00abSi vamos a perder la votaci\u00f3n la perdemos, pero sabiendo que perd\u00edan los dejamos hablar 14 horas con el tema holdouts. No vamos a permitir que nos falten el respeto, sobre todo con la cantidad de veces que argumentaron en contra de no dejar hablar\u00bb, asever\u00f3.<\/p>\n<p>Enfervorizada, la diputada del PRO, arremeti\u00f3: \u00abNo pudieron ganar la elecci\u00f3n, pero quieren gobernar haci\u00e9ndonos las leyes. Nos quieren provocar un fuerte desfinanciamiento fiscal\u00bb.<\/p>\n<p>Apuntando a los kirchneristas, expres\u00f3: \u00abHoy se re\u00fanen, lamentablemente, con el Frente Renovador, y lo peor es que ni siquiera nos dan la posibilidad de hablar. Nos imaginamos muchas cosas, pero nunca una sesi\u00f3n vergonzante y antidemocr\u00e1tica en la que nos quiten la palabra\u00bb.<\/p>\n<p>\u00abDurante 12 a\u00f1os no tocaron las escalas -de Ganancias- y vienen ahora a querer hacerlo. Son demagogos, robaron el pa\u00eds y por eso no los votaron\u00bb, concluy\u00f3.<\/p>\n<p>Tocada por los dichos de Lospenatto, Cama\u00f1o dijo que \u00abdurante toda la tarde los diputados recibieron llamadas telef\u00f3nicas que el jefe de Gabinete, quien dice ser lo nuevo, que viene a hacer el cambio, hac\u00eda los gobernadores para cambiarle la voluntad a los diputados\u00bb.\u00bbSi vamos a hablar de nuevas pr\u00e1cticas, no son estas. Porque a estas mismas pr\u00e1cticas las he visto en muchas otras oportunidades\u00bb, remarc\u00f3 la legisladora massista.<\/p>\n<p>La tambi\u00e9n massista Cecilia Moreau le record\u00f3 a Cambiemos que la semana pasada casi todos los bloques de la C\u00e1mara le dieron el apoyo al macrista Emilio Monz\u00f3 para continuar como titular del cuerpo legislativo.<\/p>\n<p>\u00abPedimos que sean respetuosos de los que no estamos de vacaciones y estamos ac\u00e1 defendiendo los derechos de los trabajadores\u00bb, dispar\u00f3 Moreau, en una clara alusi\u00f3n a la oficialista Elisa Carri\u00f3, ausente en la sesi\u00f3n por encontrarse en Miami.<\/p>\n<p><strong>MEDIA SANCI\u00d3N A LA EMERGENCIA SOCIAL CASI POR UNANIMIDAD<\/strong><\/p>\n<p>La C\u00e1mara de Diputados aprob\u00f3 tambi\u00e9n, por abrumadora mayor\u00eda, el proyecto de ley que declara la Emergencia Social y crea el salario social complementario para los trabajadores de la econom\u00eda informal.<\/p>\n<p>Con 228 votos afirmativos, uno negativo y cuatro abstenciones, la C\u00e1mara baja le dio media sanci\u00f3n y gir\u00f3 al Senado este proyecto, que hab\u00eda sido consensuado de antemano por todos los bloques, con excepci\u00f3n del Frente de Izquierda, que se abstuvo en la votaci\u00f3n.<\/p>\n<p>La iniciativa declara la emergencia social en todo el territorio nacional hasta el 31 de diciembre de 2019 y dispone la creaci\u00f3n del Consejo de la Econom\u00eda Popular y del Salario Social Complementario y del Registro Nacional de la Econom\u00eda Popular (RENATREP).<\/p>\n<p>Durante el debate en recinto, el secretario general de la CGT y diputado massista, H\u00e9ctor Daer, asegur\u00f3 que el presidente Mauricio Macri debe hacer una autocr\u00edtica, porque la pol\u00edtica que est\u00e1 realizando desde que asumi\u00f3 \u00abaument\u00f3 la pobreza\u00bb y reivindic\u00f3 la decisi\u00f3n de la central obrera de incorporar a la agenda la problem\u00e1tica de los trabajadores informales.<\/p>\n<p>Daer, quien conduce la central obrera junto a Carlos Acu\u00f1a y Juan Carlos Schmidt, dijo que la CGT \u00abcomprendi\u00f3 que ten\u00eda que tener un camino en com\u00fan porque ac\u00e1 no hay trabajadores de primera y de segunda y por eso incorporamos la agenda de los compa\u00f1eros que trabajan en la informalidad\u00bb.<\/p>\n<p>En tanto, el diputado nacional del FIT N\u00e9stor Pitrola cuestion\u00f3 fuertemente el proyecto y dijo que se trata de \u00abuna tregua sin antecedentes\u00bb. \u00abNo recuerdo antecedentes de una tregua de estas caracter\u00edsticas\u00bb, asegur\u00f3, al defender el dictamen de minor\u00eda impulsado por la Izquierda.<\/p>\n<p>Tras anticipar la abstenci\u00f3n de esa fuerza a la hora de votar el proyecto, el diputado del FIT advirti\u00f3 que esa \u00abtregua est\u00e1 coordinada con la CGT\u00bb, a la vez que cuestion\u00f3 la creaci\u00f3n del registro de la econom\u00eda popular contemplado en el proyecto, al sostener que se trata de \u00abun registro de los candidatos a la precarizaci\u00f3n laboral\u00bb.<\/p>\n<p>A su turno, la diputada del Peronismo para la Victoria Lucila De Ponti destac\u00f3 la importancia del proyecto y asegur\u00f3 que la ley busca \u00abachicar la brecha entre los distintos segmentos de la clase trabajadora\u00bb. De Ponti, dirigente del Movimiento Evita, agrupaci\u00f3n que impuls\u00f3 el proyecto de emergencia social, destac\u00f3 la necesidad de construir pol\u00edticas p\u00fablicas \u00abque nos permitan consolidar nuevos sujetos de derecho\u00bb.<\/p>\n<p>Seg\u00fan la diputada, el proyecto busca \u00abachicar la brecha entre los distintos segmentos de la clase trabajadora, pero mejorando la situaci\u00f3n de los trabajadores que no tienen posibilidad de acceder a los derechos y protecciones que el trabajo les brinda\u00bb.<\/p>\n<p>Por su parte, el diputado de Cambiemos Luciano Laspina destac\u00f3 que con el proyecto de emergencia social el Gobierno busca \u00abreconocer un grave diagn\u00f3stico\u00bb y establecer \u00abun marco de di\u00e1logo que no exist\u00eda hasta ahora\u00bb.<\/p>\n<p>\u00abHemos heredado una crisis social dram\u00e1tica. Nos hacemos cargo como gobierno y por eso avanzamos con esta ley marco\u00bb, se\u00f1al\u00f3 el diputado que preside la Comisi\u00f3n de Presupuesto y Hacienda de la C\u00e1mara baja.<\/p>\n","protected":false},"excerpt":{"rendered":"<p>La C\u00e1mara de Diputados aprob\u00f3 el proyecto de la oposici\u00f3n para reformar al impuesto a las Ganancias, luego de que fracasara el tratamiento del dictamen de mayor\u00eda defendido por el oficialismo. Con 140 votos positivos, 86 negativos y 7 abstenciones, la C\u00e1mara Baja aprob\u00f3 y gir\u00f3 al Senado la iniciativa que prev\u00e9 una suba del [&hellip;]<\/p>\n","protected":false},"author":1,"featured_media":5749,"comment_status":"closed","ping_status":"open","sticky":false,"template":"","format":"standard","meta":{"footnotes":""},"categories":[49,30,48],"tags":[],"class_list":{"0":"post-5748","1":"post","2":"type-post","3":"status-publish","4":"format-standard","5":"has-post-thumbnail","7":"category-economia-y-gremiales","8":"category-nacion","9":"category-politica-argentina"},"aioseo_notices":[],"_links":{"self":[{"href":"https:\/\/guiadenoticias.com.ar\/diario\/wp-json\/wp\/v2\/posts\/5748","targetHints":{"allow":["GET"]}}],"collection":[{"href":"https:\/\/guiadenoticias.com.ar\/diario\/wp-json\/wp\/v2\/posts"}],"about":[{"href":"https:\/\/guiadenoticias.com.ar\/diario\/wp-json\/wp\/v2\/types\/post"}],"author":[{"embeddable":true,"href":"https:\/\/guiadenoticias.com.ar\/diario\/wp-json\/wp\/v2\/users\/1"}],"replies":[{"embeddable":true,"href":"https:\/\/guiadenoticias.com.ar\/diario\/wp-json\/wp\/v2\/comments?post=5748"}],"version-history":[{"count":1,"href":"https:\/\/guiadenoticias.com.ar\/diario\/wp-json\/wp\/v2\/posts\/5748\/revisions"}],"predecessor-version":[{"id":5750,"href":"https:\/\/guiadenoticias.com.ar\/diario\/wp-json\/wp\/v2\/posts\/5748\/revisions\/5750"}],"wp:featuredmedia":[{"embeddable":true,"href":"https:\/\/guiadenoticias.com.ar\/diario\/wp-json\/wp\/v2\/media\/5749"}],"wp:attachment":[{"href":"https:\/\/guiadenoticias.com.ar\/diario\/wp-json\/wp\/v2\/media?parent=5748"}],"wp:term":[{"taxonomy":"category","embeddable":true,"href":"https:\/\/guiadenoticias.com.ar\/diario\/wp-json\/wp\/v2\/categories?post=5748"},{"taxonomy":"post_tag","embeddable":true,"href":"https:\/\/guiadenoticias.com.ar\/diario\/wp-json\/wp\/v2\/tags?post=5748"}],"curies":[{"name":"wp","href":"https:\/\/api.w.org\/{rel}","templated":true}]}}