{"id":5804,"date":"2016-12-11T21:44:00","date_gmt":"2016-12-12T00:44:00","guid":{"rendered":"http:\/\/guiadenoticias.com.ar\/diario\/?p=5804"},"modified":"2016-12-11T21:44:27","modified_gmt":"2016-12-12T00:44:27","slug":"luis-andreotti-celebro-sus-5-anos-de-gestion","status":"publish","type":"post","link":"https:\/\/guiadenoticias.com.ar\/diario\/luis-andreotti-celebro-sus-5-anos-de-gestion\/","title":{"rendered":"Luis Andreotti celebr\u00f3 sus 5 a\u00f1os de gesti\u00f3n"},"content":{"rendered":"<p>El intendente de San Fernando, Luis Andreotti, encabez\u00f3 un encuentro en el Polideportivo N\u00b0 3 para festejar y agradecer a su equipo por los 5 a\u00f1os de gesti\u00f3n. Adem\u00e1s, pidi\u00f3 redoblar esfuerzos para los tres a\u00f1os restantes: \u00abPusimos una vara alta y tenemos la responsabilidad de seguir trabajando por el vecino\u00bb, resalt\u00f3.<\/p>\n<p>En dicha cena, el jefe comunal expres\u00f3: \u00abHicimos una reuni\u00f3n para agradecer, porque realmente somos un verdadero equipo. Cada uno puso un granito de arena para tener esta gesti\u00f3n y cumplir con los vecinos durante estos 5 a\u00f1os. Estamos conformes con haber trabajado en el tejido social tanto en Medio Ambiente, Educaci\u00f3n, Cultura, Recreaci\u00f3n, Salud, Obra P\u00fablica y las distintas \u00e1reas\u201d.<\/p>\n<p>Hace pocos d\u00edas, por distintos medios de comunicaci\u00f3n trascendi\u00f3 una encuesta de la consultora Aresco, de Julio Aurelio, que posiciona a Andreotti como el \u201cintendente con mayor aprobaci\u00f3n de sus vecinos de todo Buenos Aires\u201d, con un 79%. \u201cUno recibe el reflejo en la calle cuando habla con los vecinos, los protagonistas de esta gesti\u00f3n. Pusimos una vara alta y tenemos la responsabilidad de seguir trabajando para ellos. Debemos mantener lo que hicimos y realizar los nuevos objetivos que nos planteamos\u00bb, opin\u00f3 al respecto el integrante del Frente Renovador.<\/p>\n<p>\u00abEl equipo son los 2 mil empleados municipales. Queda mucho por hacer, los objetivos son demasiados y los servicios que presta el municipio tambi\u00e9n. El acompa\u00f1amiento y el esfuerzo del contribuyente es muy grande, por eso les agradezco siempre a los vecinos, protagonistas de esta gesti\u00f3n\u00bb, agreg\u00f3 Andreotti.<\/p>\n<p>Asimismo, el jefe comunal adelant\u00f3 algunos de los proyectos para los pr\u00f3ximos tres a\u00f1os. En Salud el principal objetivo es el Hospital Municipal, que se estima que ser\u00e1 inaugurado a fines de 2017 o durante el primer trimestre de 2018, y el Centro de Salud del barrio Aviaci\u00f3n pronto a finalizarse.<\/p>\n<p>En cuanto a Deportes, esta gesti\u00f3n continuar\u00e1 con la pol\u00edtica de los polideportivos, inaugur\u00e1ndose tres nuevos complejos el a\u00f1o que viene. Por \u00faltimo, en Educaci\u00f3n se terminar\u00e1 de construir una nueva Unidad de Desarrollo Infantil y finalizar\u00e1n las reformas a nuevo de las Escuelas N\u00b0 28 y N\u00b0 20.<\/p>\n<p>\u00abEsperemos que la pol\u00edtica a nivel nacional y provincial acompa\u00f1e un poco el desarrollo de los municipios. El tema de la inflaci\u00f3n y la falta de inversi\u00f3n nos afecta. Sobre todo en el Conurbano, donde hay muchas diferencias sociales. Esperemos que vaya todo bien en beneficio de la Argentina\u00bb, concluy\u00f3.<\/p>\n","protected":false},"excerpt":{"rendered":"<p>El intendente de San Fernando, Luis Andreotti, encabez\u00f3 un encuentro en el Polideportivo N\u00b0 3 para festejar y agradecer a su equipo por los 5 a\u00f1os de gesti\u00f3n. Adem\u00e1s, pidi\u00f3 redoblar esfuerzos para los tres a\u00f1os restantes: \u00abPusimos una vara alta y tenemos la responsabilidad de seguir trabajando por el vecino\u00bb, resalt\u00f3. En dicha cena, [&hellip;]<\/p>\n","protected":false},"author":1,"featured_media":5805,"comment_status":"closed","ping_status":"open","sticky":false,"template":"","format":"standard","meta":{"footnotes":""},"categories":[20,48,22],"tags":[],"class_list":{"0":"post-5804","1":"post","2":"type-post","3":"status-publish","4":"format-standard","5":"has-post-thumbnail","7":"category-municipios","8":"category-politica-argentina","9":"category-san-fernando"},"aioseo_notices":[],"_links":{"self":[{"href":"https:\/\/guiadenoticias.com.ar\/diario\/wp-json\/wp\/v2\/posts\/5804","targetHints":{"allow":["GET"]}}],"collection":[{"href":"https:\/\/guiadenoticias.com.ar\/diario\/wp-json\/wp\/v2\/posts"}],"about":[{"href":"https:\/\/guiadenoticias.com.ar\/diario\/wp-json\/wp\/v2\/types\/post"}],"author":[{"embeddable":true,"href":"https:\/\/guiadenoticias.com.ar\/diario\/wp-json\/wp\/v2\/users\/1"}],"replies":[{"embeddable":true,"href":"https:\/\/guiadenoticias.com.ar\/diario\/wp-json\/wp\/v2\/comments?post=5804"}],"version-history":[{"count":1,"href":"https:\/\/guiadenoticias.com.ar\/diario\/wp-json\/wp\/v2\/posts\/5804\/revisions"}],"predecessor-version":[{"id":5806,"href":"https:\/\/guiadenoticias.com.ar\/diario\/wp-json\/wp\/v2\/posts\/5804\/revisions\/5806"}],"wp:featuredmedia":[{"embeddable":true,"href":"https:\/\/guiadenoticias.com.ar\/diario\/wp-json\/wp\/v2\/media\/5805"}],"wp:attachment":[{"href":"https:\/\/guiadenoticias.com.ar\/diario\/wp-json\/wp\/v2\/media?parent=5804"}],"wp:term":[{"taxonomy":"category","embeddable":true,"href":"https:\/\/guiadenoticias.com.ar\/diario\/wp-json\/wp\/v2\/categories?post=5804"},{"taxonomy":"post_tag","embeddable":true,"href":"https:\/\/guiadenoticias.com.ar\/diario\/wp-json\/wp\/v2\/tags?post=5804"}],"curies":[{"name":"wp","href":"https:\/\/api.w.org\/{rel}","templated":true}]}}