{"id":5928,"date":"2016-12-22T00:22:25","date_gmt":"2016-12-22T03:22:25","guid":{"rendered":"http:\/\/guiadenoticias.com.ar\/diario\/?p=5928"},"modified":"2016-12-22T00:22:56","modified_gmt":"2016-12-22T03:22:56","slug":"andreotti-inauguro-el-cuarto-tunel-construido-con-fondos-municipales","status":"publish","type":"post","link":"https:\/\/guiadenoticias.com.ar\/diario\/andreotti-inauguro-el-cuarto-tunel-construido-con-fondos-municipales\/","title":{"rendered":"Andreotti inaugur\u00f3 el cuarto t\u00fanel construido con fondos municipales"},"content":{"rendered":"<p>El municipio de San Fernando inaugur\u00f3 el nuevo t\u00fanel de la ex Ruta 202, cuyo nombre fue elegido por votaci\u00f3n: \u201cDoctor Ren\u00e9 Favaloro\u201d. El intendente Luis Andreotti, quien encabez\u00f3 el acto junto al diputado Nacional por el Frente Renovador Sergio Massa, destac\u00f3: \u201cEsta es una obra hist\u00f3rica y postergada en el coraz\u00f3n de San Fernando. Estamos muy contentos y agradezco a los vecinos\u201d.<\/p>\n<p>Es el cuarto t\u00fanel que forma parte del programa San Fernando Sin Barreras. La ciudad ya cuenta con el de Sim\u00f3n de Iriondo, Chacabuco y Avenida Avellaneda. Este nuevo paso bajo nivel de mano \u00fanica hacia el Acceso, est\u00e1 ubicado en el casco c\u00e9ntrico de San Fernando, en el extremo sur de la estaci\u00f3n de la l\u00ednea Mitre del ferrocarril.<\/p>\n<p>\u201cNuestro programa San Fernando sin Barreras es extenso. Trabajamos en los dos proyectos de cruces que vamos a concretar, uno en Quirno Costa y el otro en Mart\u00edn Rodr\u00edguez. Adem\u00e1s, avanzaremos en 2017 con la prioridad puesta en el Gran Hospital Municipal que estamos construyendo. Todo esto lo hacemos con fondos propios gracias al vecino que paga sus tasas\u201d, destac\u00f3 el jefe comunal.<\/p>\n<p>Asimismo, Massa agreg\u00f3: \u201cSeguimos con la misma din\u00e1mica de siempre, cuando nos comprometemos a algo lo cumplimos. Luis se hab\u00eda comprometido a cuatro t\u00faneles, los hizo en cinco a\u00f1os con fondos municipales, y est\u00e1 planificando dos m\u00e1s. Eso tiene que ver con la concepci\u00f3n de la palabra con la gente, mostrando que no se la lleva el viento en una campa\u00f1a\u201d.<\/p>\n<p>Adem\u00e1s, destac\u00f3 el reconocimiento del que goza Luis Andreotti: \u201cFue reconocido por sus vecinos como el mejor intendente de Provincia. Eso tiene que ver con que promete y cumple, con que su gesti\u00f3n se ve en la calle. Cuando so\u00f1\u00e1bamos con extender el esfuerzo que hab\u00edamos hecho en Tigre a San Fernando, nunca imagin\u00e9 un \u00e9xito tal en luminarias, en t\u00faneles, en obras de infraestructura, en salud y en polideportivos. San Fernando todos los d\u00edas avanza un poco m\u00e1s y eso me llena de orgullo\u201d.<\/p>\n<p>El cuarto t\u00fanel realizado con fondos municipales, al igual que los anteriores, es el primero en lucir un mural de 70 metros de largo evocativo de la historia del distrito, realizado por el artista sanfernandino Enrique Burone Risso.<\/p>\n<p>El legislador provincial Juan Andreotti tambi\u00e9n estuvo presente en el evento junto a Santiago Aparicio, presidente del Concejo Deliberante, y coment\u00f3 que \u201ceste es un t\u00fanel prometido por la Provincia por mucho tiempo, que no se concret\u00f3, y hoy es una realidad. Los sanfernandinos estamos conectados, integrados, y la verdad que la zona cambi\u00f3 en su totalidad, mucho m\u00e1s segura e iluminada, as\u00ed que esto es una alegr\u00eda para todo San Fernando\u201d.<\/p>\n<p>Luego del corte de cinta y de la bendici\u00f3n, los vecinos disfrutaron del cl\u00e1sico desfile de autos antiguos y m\u00f3viles de los Bomberos Voluntarios; para los m\u00e1s chicos, Alparamis brind\u00f3 un espect\u00e1culo con personajes navide\u00f1os y el cierre con Pap\u00e1 Noel.<\/p>\n","protected":false},"excerpt":{"rendered":"<p>El municipio de San Fernando inaugur\u00f3 el nuevo t\u00fanel de la ex Ruta 202, cuyo nombre fue elegido por votaci\u00f3n: \u201cDoctor Ren\u00e9 Favaloro\u201d. El intendente Luis Andreotti, quien encabez\u00f3 el acto junto al diputado Nacional por el Frente Renovador Sergio Massa, destac\u00f3: \u201cEsta es una obra hist\u00f3rica y postergada en el coraz\u00f3n de San Fernando. [&hellip;]<\/p>\n","protected":false},"author":1,"featured_media":5929,"comment_status":"closed","ping_status":"open","sticky":false,"template":"","format":"standard","meta":{"footnotes":""},"categories":[19,20,22],"tags":[],"class_list":{"0":"post-5928","1":"post","2":"type-post","3":"status-publish","4":"format-standard","5":"has-post-thumbnail","7":"category-informacion-general","8":"category-municipios","9":"category-san-fernando"},"aioseo_notices":[],"_links":{"self":[{"href":"https:\/\/guiadenoticias.com.ar\/diario\/wp-json\/wp\/v2\/posts\/5928","targetHints":{"allow":["GET"]}}],"collection":[{"href":"https:\/\/guiadenoticias.com.ar\/diario\/wp-json\/wp\/v2\/posts"}],"about":[{"href":"https:\/\/guiadenoticias.com.ar\/diario\/wp-json\/wp\/v2\/types\/post"}],"author":[{"embeddable":true,"href":"https:\/\/guiadenoticias.com.ar\/diario\/wp-json\/wp\/v2\/users\/1"}],"replies":[{"embeddable":true,"href":"https:\/\/guiadenoticias.com.ar\/diario\/wp-json\/wp\/v2\/comments?post=5928"}],"version-history":[{"count":1,"href":"https:\/\/guiadenoticias.com.ar\/diario\/wp-json\/wp\/v2\/posts\/5928\/revisions"}],"predecessor-version":[{"id":5930,"href":"https:\/\/guiadenoticias.com.ar\/diario\/wp-json\/wp\/v2\/posts\/5928\/revisions\/5930"}],"wp:featuredmedia":[{"embeddable":true,"href":"https:\/\/guiadenoticias.com.ar\/diario\/wp-json\/wp\/v2\/media\/5929"}],"wp:attachment":[{"href":"https:\/\/guiadenoticias.com.ar\/diario\/wp-json\/wp\/v2\/media?parent=5928"}],"wp:term":[{"taxonomy":"category","embeddable":true,"href":"https:\/\/guiadenoticias.com.ar\/diario\/wp-json\/wp\/v2\/categories?post=5928"},{"taxonomy":"post_tag","embeddable":true,"href":"https:\/\/guiadenoticias.com.ar\/diario\/wp-json\/wp\/v2\/tags?post=5928"}],"curies":[{"name":"wp","href":"https:\/\/api.w.org\/{rel}","templated":true}]}}