{"id":6021,"date":"2016-12-29T01:19:14","date_gmt":"2016-12-29T04:19:14","guid":{"rendered":"http:\/\/guiadenoticias.com.ar\/diario\/?p=6021"},"modified":"2016-12-29T01:20:58","modified_gmt":"2016-12-29T04:20:58","slug":"inauguraron-la-fiscalia-de-investigaciones-de-drogas-ilicitas-de-sf","status":"publish","type":"post","link":"https:\/\/guiadenoticias.com.ar\/diario\/inauguraron-la-fiscalia-de-investigaciones-de-drogas-ilicitas-de-sf\/","title":{"rendered":"Inauguraron la Fiscal\u00eda de Investigaciones de Drogas Il\u00edcitas de SF"},"content":{"rendered":"<p>El municipio de San Fernando construy\u00f3 una Fiscal\u00eda de Investigaciones de Drogas Il\u00edcitas para descentralizar las investigaciones judiciales en una problem\u00e1tica tan sensible como es el combate al narcotr\u00e1fico. Ubicada en Maip\u00fa y French, en el l\u00edmite de los barrios Villa Hall, Don Mariano y Amor y Coraz\u00f3n, es sede de una Unidad Funcional de Instrucci\u00f3n y Juicio (UFI).<\/p>\n<p>El intendente Luis Andreotti inaugur\u00f3 la flamante dependencia judicial que forma parte del programa de Regionalizaci\u00f3n del Ministerio P\u00fablico Fiscal. Participaron el diputado provincial Juan Andreotti; la fiscal General de San Isidro, Beatriz Molinelli; y el presidente del Concejo Deliberante, Santiago Aparicio.<\/p>\n<p>\u201cEs un objetivo que ten\u00edamos pendiente y que cumplimos. \u00c9ramos partidarios de la descentralizaci\u00f3n y llevar la Justicia a los barrios para que el fiscal est\u00e9 m\u00e1s cerca y la gente pueda hacer las denuncias. Era importante, m\u00e1s en un tema como es el combate contra la droga\u201d, explic\u00f3 el jefe comunal.<\/p>\n<p>En este sentido, se\u00f1al\u00f3: \u201cEstamos todos de acuerdo que el que se droga es una v\u00edctima, pero al que vende la droga hay que castigarlo, porque mata a los chicos, o los enferma y es un mal para el barrio. La presencia del Estado es fundamental haciendo muchas obras sociales, por eso nosotros trabajamos mucho en construir polideportivos o generar cultura\u201d.<\/p>\n<p>\u201cEl pueblo sanfernandino est\u00e1 invirtiendo cerca de 100 millones de pesos en seguridad, con Postas Policiales, iluminaci\u00f3n, c\u00e1maras, el Centro de Operaciones y el \u00e1rea de Protecci\u00f3n Ciudadana, con m\u00f3viles y agentes. Pero tambi\u00e9n destina mucho a temas sociales, educaci\u00f3n, medio ambiente, cultura, recreaci\u00f3n y deporte\u201d, enumer\u00f3.<\/p>\n<p>Juan Andreotti destac\u00f3 que \u201cSan Fernando lleva adelante un plan de acercamiento al vecino con un mont\u00f3n de servicios, y en este caso comenzamos la descentralizaci\u00f3n de la Justicia\u201d. Adem\u00e1s, a\u00f1adi\u00f3 que \u201ces muy importante la obra, que no es responsabilidad propia del municipio, sino de jurisdicci\u00f3n provincial o nacional. Pero entendimos que era necesario dar una mano para afrontar a uno de los flagelos m\u00e1s grandes que tenemos en el Conurbano, ayudando a los que consumen, quienes son v\u00edctimas, y combatiendo a los que venden drogas\u201d.<\/p>\n<p>Por su parte, la fiscal General de San Isidro se\u00f1al\u00f3 que \u201ccontar con una fiscal\u00eda en San Fernando va acelerar las investigaciones, permitiendo conocer el distrito y los puntos donde se comercializa prioritariamente. Que el vecino pueda acercarse al establecimiento a erradicar su denuncia y colaborar para lograr tener los datos necesarios\u201d.<\/p>\n<p>El fiscal a cargo de la Fiscal\u00eda de Investigaciones de Drogas Il\u00edcitas de San Fernando es Eduardo Rodr\u00edguez. Se desempe\u00f1\u00f3 desde 1998 como instructor y en 2001 pas\u00f3 a ejercer como fiscal en la zona metropolitana norte. \u201cTenemos los medios y las herramientas procesales necesarias para interceder en situaciones de flagrancia o que ameriten intervenci\u00f3n urgente\u201d, manifest\u00f3.<\/p>\n<p>\u201cTuvimos buenos resultados en Pilar y queremos traer este modelo a San Fernando. Que no s\u00f3lo quede aprehendida la gente que vende en su domicilio peque\u00f1as cantidades, sino cortar las l\u00edneas de abastecimiento que vienen de otros lados\u201d, concluy\u00f3.<\/p>\n","protected":false},"excerpt":{"rendered":"<p>El municipio de San Fernando construy\u00f3 una Fiscal\u00eda de Investigaciones de Drogas Il\u00edcitas para descentralizar las investigaciones judiciales en una problem\u00e1tica tan sensible como es el combate al narcotr\u00e1fico. Ubicada en Maip\u00fa y French, en el l\u00edmite de los barrios Villa Hall, Don Mariano y Amor y Coraz\u00f3n, es sede de una Unidad Funcional de [&hellip;]<\/p>\n","protected":false},"author":1,"featured_media":6022,"comment_status":"closed","ping_status":"open","sticky":false,"template":"","format":"standard","meta":{"footnotes":""},"categories":[19,20,48,22],"tags":[],"class_list":{"0":"post-6021","1":"post","2":"type-post","3":"status-publish","4":"format-standard","5":"has-post-thumbnail","7":"category-informacion-general","8":"category-municipios","9":"category-politica-argentina","10":"category-san-fernando"},"aioseo_notices":[],"_links":{"self":[{"href":"https:\/\/guiadenoticias.com.ar\/diario\/wp-json\/wp\/v2\/posts\/6021","targetHints":{"allow":["GET"]}}],"collection":[{"href":"https:\/\/guiadenoticias.com.ar\/diario\/wp-json\/wp\/v2\/posts"}],"about":[{"href":"https:\/\/guiadenoticias.com.ar\/diario\/wp-json\/wp\/v2\/types\/post"}],"author":[{"embeddable":true,"href":"https:\/\/guiadenoticias.com.ar\/diario\/wp-json\/wp\/v2\/users\/1"}],"replies":[{"embeddable":true,"href":"https:\/\/guiadenoticias.com.ar\/diario\/wp-json\/wp\/v2\/comments?post=6021"}],"version-history":[{"count":1,"href":"https:\/\/guiadenoticias.com.ar\/diario\/wp-json\/wp\/v2\/posts\/6021\/revisions"}],"predecessor-version":[{"id":6023,"href":"https:\/\/guiadenoticias.com.ar\/diario\/wp-json\/wp\/v2\/posts\/6021\/revisions\/6023"}],"wp:featuredmedia":[{"embeddable":true,"href":"https:\/\/guiadenoticias.com.ar\/diario\/wp-json\/wp\/v2\/media\/6022"}],"wp:attachment":[{"href":"https:\/\/guiadenoticias.com.ar\/diario\/wp-json\/wp\/v2\/media?parent=6021"}],"wp:term":[{"taxonomy":"category","embeddable":true,"href":"https:\/\/guiadenoticias.com.ar\/diario\/wp-json\/wp\/v2\/categories?post=6021"},{"taxonomy":"post_tag","embeddable":true,"href":"https:\/\/guiadenoticias.com.ar\/diario\/wp-json\/wp\/v2\/tags?post=6021"}],"curies":[{"name":"wp","href":"https:\/\/api.w.org\/{rel}","templated":true}]}}